{"id":21823,"date":"2024-04-23T09:34:47","date_gmt":"2024-04-23T12:34:47","guid":{"rendered":"https:\/\/radiostudiow.com.br\/site\/?p=21823"},"modified":"2025-01-31T14:59:25","modified_gmt":"2025-01-31T17:59:25","slug":"tragedia-em-mallet-duas-pessoas-morrem-em-uma-colisao-frontal-na-br-153","status":"publish","type":"post","link":"https:\/\/radiostudiow.com.br\/site\/2024\/04\/23\/tragedia-em-mallet-duas-pessoas-morrem-em-uma-colisao-frontal-na-br-153\/","title":{"rendered":"TRAG\u00c9DIA EM MALLET, DUAS PESSOAS MORREM EM UMA COLIS\u00c3O FRONTAL NA BR 153."},"content":{"rendered":"\n<figure class=\"wp-block-image size-large\"><img decoding=\"async\" src=\"https:\/\/radiostudiow.com.br\/site\/wp-content\/uploads\/2024\/02\/capa-1024x387.jpg\" alt=\"\" class=\"wp-image-19551\"\/><\/figure>\n\n\n\n<p><\/p>\n\n\n\n<p>No final da manh\u00e3 desta segunda-feira (22), por volta das 11:00 horas, uma colis\u00e3o tipo frontal envolvendo um autom\u00f3vel FIAT\/P\u00e1lio com placas de Mallet e uma Carreta Scania&nbsp; com placas do Mercosul.<\/p>\n\n\n\n<p>No acidente os dois ocupantes do carro acabaram morrendo no local.<\/p>\n\n\n\n<p>A Pol\u00edcia Militar juntamente com a Pol\u00edcia Civil e os Bombeiros Comunit\u00e1rios estiveram no local realizando todos os procedimentos at\u00e9 a chegada da Pol\u00edcia Rodovi\u00e1ria Federal.<\/p>\n\n\n\n<p>Segundo informa\u00e7\u00f5es o impacto foi t\u00e3o grande que acabou destruindo toda a frente do P\u00e1lio e as v\u00edtimas ficaram presas \u00e0s ferragens.&nbsp;<\/p>\n\n\n\n<p><\/p>\n\n\n\n<p><\/p>\n\n\n\n<p>A equipe dos Bombeiros de Irati foi acionada para fazer a retirada dos corpos.<\/p>\n\n\n\n<p>Infelizmente o motorista e o passageiros s\u00e3o malletenses. Trata-se de Eurides Fagundes Munhoz de 76 anos e Luiz Carlos Munhoz Marafigo de 58 anos.<\/p>\n\n\n\n<p>Os corpos foram encaminhados para o IML (Instituto M\u00e9dico Legal) de Uni\u00e3o da Vit\u00f3ria.<\/p>\n\n\n\n<p>Confira a mat\u00e9ria do Jornal W Noticias\u00a0da\u00a0Studio\u00a0W\u00a0TV:<\/p>\n\n\n\n<p><\/p>\n\n\n\n<figure class=\"wp-block-embed is-type-video is-provider-youtube wp-block-embed-youtube wp-embed-aspect-16-9 wp-has-aspect-ratio\"><div class=\"wp-block-embed__wrapper\">\n<iframe loading=\"lazy\" title=\"W Not\u00edcias: Malletenses morrem em colis\u00e3o frontal com caminh\u00e3o na BR-153\" width=\"740\" height=\"416\" src=\"https:\/\/www.youtube.com\/embed\/hoExpaq70ME?feature=oembed\" frameborder=\"0\" allow=\"accelerometer; autoplay; clipboard-write; encrypted-media; gyroscope; picture-in-picture; web-share\" referrerpolicy=\"strict-origin-when-cross-origin\" allowfullscreen><\/iframe>\n<\/div><\/figure>\n\n\n\n<p><\/p>\n\n\n\n<figure class=\"wp-block-image size-full\"><img decoding=\"async\" src=\"https:\/\/radiostudiow.com.br\/site\/wp-content\/uploads\/2024\/03\/bannertijolao.jpg\" alt=\"\" class=\"wp-image-20494\"\/><\/figure>\n\n\n\n<p><\/p>\n\n\n\n<p><\/p>\n\n\n\n<figure class=\"wp-block-image size-full\"><img decoding=\"async\" src=\"https:\/\/radiostudiow.com.br\/site\/wp-content\/uploads\/2024\/01\/SITE-GRANDE.png\" alt=\"\" class=\"wp-image-18949\"\/><\/figure>\n\n\n\n<p><\/p>\n","protected":false},"excerpt":{"rendered":"<p>No final da manh\u00e3 desta segunda-feira (22), por volta das 11:00 horas, uma colis\u00e3o tipo frontal envolvendo um autom\u00f3vel FIAT\/P\u00e1lio com placas de Mallet e uma Carreta Scania&nbsp; com placas do Mercosul. No acidente os dois ocupantes do carro acabaram morrendo no local. A Pol\u00edcia Militar juntamente com a Pol\u00edcia Civil e os Bombeiros Comunit\u00e1rios [&hellip;]<\/p>\n","protected":false},"author":2,"featured_media":21824,"comment_status":"open","ping_status":"open","sticky":false,"template":"","format":"standard","meta":{"footnotes":""},"categories":[184],"tags":[172],"class_list":["post-21823","post","type-post","status-publish","format-standard","has-post-thumbnail","hentry","category-local","tag-featured"],"amp_enabled":true,"_links":{"self":[{"href":"https:\/\/radiostudiow.com.br\/site\/wp-json\/wp\/v2\/posts\/21823","targetHints":{"allow":["GET"]}}],"collection":[{"href":"https:\/\/radiostudiow.com.br\/site\/wp-json\/wp\/v2\/posts"}],"about":[{"href":"https:\/\/radiostudiow.com.br\/site\/wp-json\/wp\/v2\/types\/post"}],"author":[{"embeddable":true,"href":"https:\/\/radiostudiow.com.br\/site\/wp-json\/wp\/v2\/users\/2"}],"replies":[{"embeddable":true,"href":"https:\/\/radiostudiow.com.br\/site\/wp-json\/wp\/v2\/comments?post=21823"}],"version-history":[{"count":3,"href":"https:\/\/radiostudiow.com.br\/site\/wp-json\/wp\/v2\/posts\/21823\/revisions"}],"predecessor-version":[{"id":21840,"href":"https:\/\/radiostudiow.com.br\/site\/wp-json\/wp\/v2\/posts\/21823\/revisions\/21840"}],"wp:featuredmedia":[{"embeddable":true,"href":"https:\/\/radiostudiow.com.br\/site\/wp-json\/wp\/v2\/media\/21824"}],"wp:attachment":[{"href":"https:\/\/radiostudiow.com.br\/site\/wp-json\/wp\/v2\/media?parent=21823"}],"wp:term":[{"taxonomy":"category","embeddable":true,"href":"https:\/\/radiostudiow.com.br\/site\/wp-json\/wp\/v2\/categories?post=21823"},{"taxonomy":"post_tag","embeddable":true,"href":"https:\/\/radiostudiow.com.br\/site\/wp-json\/wp\/v2\/tags?post=21823"}],"curies":[{"name":"wp","href":"https:\/\/api.w.org\/{rel}","templated":true}]}}