{"id":21846,"date":"2024-04-23T19:15:06","date_gmt":"2024-04-23T22:15:06","guid":{"rendered":"https:\/\/radiostudiow.com.br\/site\/?p=21846"},"modified":"2025-01-31T14:59:25","modified_gmt":"2025-01-31T17:59:25","slug":"hemepar-de-irati-realizara-coleta-de-doacao-de-sangue-no-feriado-de-1o-de-maio","status":"publish","type":"post","link":"https:\/\/radiostudiow.com.br\/site\/2024\/04\/23\/hemepar-de-irati-realizara-coleta-de-doacao-de-sangue-no-feriado-de-1o-de-maio\/","title":{"rendered":"Hemepar de Irati realizar\u00e1 coleta de doa\u00e7\u00e3o de sangue no feriado de 1\u00ba de Maio"},"content":{"rendered":"\n<p>Para facilitar o processo e garantir um atendimento \u00e1gil, os doadores devem agendar o hor\u00e1rio no site oficial da Secretaria de Sa\u00fade do Paran\u00e1.<\/p>\n\n\n\n<figure class=\"wp-block-image size-full\"><img decoding=\"async\" src=\"https:\/\/radiostudiow.com.br\/site\/wp-content\/uploads\/2024\/04\/image-58.png\" alt=\"\" class=\"wp-image-21416\"\/><\/figure>\n\n\n\n<p>No feriado de 1\u00ba de maio, quarta-feira, o Hempar de Irati realizar\u00e1 coletas de doa\u00e7\u00e3o de sangue durante o per\u00edodo da manh\u00e3 e tamb\u00e9m \u00e0 tarde. Os hor\u00e1rios para doa\u00e7\u00e3o s\u00e3o das 07h30 \u00e0s 10h30 e das 13h \u00e0s 15h30.<\/p>\n\n\n\n<p>Para facilitar o processo e garantir um atendimento \u00e1gil, os doadores devem agendar o hor\u00e1rio no site oficial da Secretaria de Sa\u00fade do Paran\u00e1 atrav\u00e9s do endere\u00e7o: <a href=\"https:\/\/hojecentrosul.com.br\/www.saude.pr.gov.br\/doacao\">www.saude.pr.gov.br\/doacao<\/a><\/p>\n\n\n\n<p>Caso encontrem dificuldades para agendar pelo site, os volunt\u00e1rios podem entrar em contato diretamente pelo WhatsApp no n\u00famero (42) 3422-6240. O Hemepar ressalta que o agendamento pr\u00e9vio \u00e9 fundamental para garantir a organiza\u00e7\u00e3o e o fluxo adequado de doadores.<\/p>\n\n\n\n<p><strong>Local de Coleta:<\/strong> Hemepar de Irati. Endere\u00e7o: Rua Cel. P\u00edres, 357 &#8211; Centro, Irati<\/p>\n\n\n\n<figure class=\"wp-block-image size-full\"><img decoding=\"async\" src=\"https:\/\/radiostudiow.com.br\/site\/wp-content\/uploads\/2024\/04\/image-46.png\" alt=\"\" class=\"wp-image-21400\"\/><\/figure>\n\n\n\n<p><strong>Para ser doador \u00e9 preciso:<\/strong><\/p>\n\n\n\n<p>&#8211; Estar em boas condi\u00e7\u00f5es de sa\u00fade;<\/p>\n\n\n\n<p>&#8211; Ter entre 16 e 69 anos completos (menores de idade com autoriza\u00e7\u00e3o e presen\u00e7a do respons\u00e1vel legal);<\/p>\n\n\n\n<p>&#8211; Pesar no m\u00ednimo 51 Kg na balan\u00e7a do HEMEPAR;<\/p>\n\n\n\n<p>&#8211; Estar descansado, alimentado e hidratado (evitar alimenta\u00e7\u00e3o gordurosa nas 4 horas que antecedem a doa\u00e7\u00e3o);<\/p>\n\n\n\n<p>&#8211; Apresentar documento oficial com foto.<\/p>\n\n\n\n<p>Fonte: Hoje Centro Sul<\/p>\n","protected":false},"excerpt":{"rendered":"<p>Para facilitar o processo e garantir um atendimento \u00e1gil, os doadores devem agendar o hor\u00e1rio no site oficial da Secretaria de Sa\u00fade do Paran\u00e1. No feriado de 1\u00ba de maio, quarta-feira, o Hempar de Irati realizar\u00e1 coletas de doa\u00e7\u00e3o de sangue durante o per\u00edodo da manh\u00e3 e tamb\u00e9m \u00e0 tarde. Os hor\u00e1rios para doa\u00e7\u00e3o s\u00e3o [&hellip;]<\/p>\n","protected":false},"author":2,"featured_media":21857,"comment_status":"open","ping_status":"open","sticky":false,"template":"","format":"standard","meta":{"footnotes":""},"categories":[7],"tags":[172],"class_list":["post-21846","post","type-post","status-publish","format-standard","has-post-thumbnail","hentry","category-geral","tag-featured"],"amp_enabled":true,"_links":{"self":[{"href":"https:\/\/radiostudiow.com.br\/site\/wp-json\/wp\/v2\/posts\/21846","targetHints":{"allow":["GET"]}}],"collection":[{"href":"https:\/\/radiostudiow.com.br\/site\/wp-json\/wp\/v2\/posts"}],"about":[{"href":"https:\/\/radiostudiow.com.br\/site\/wp-json\/wp\/v2\/types\/post"}],"author":[{"embeddable":true,"href":"https:\/\/radiostudiow.com.br\/site\/wp-json\/wp\/v2\/users\/2"}],"replies":[{"embeddable":true,"href":"https:\/\/radiostudiow.com.br\/site\/wp-json\/wp\/v2\/comments?post=21846"}],"version-history":[{"count":3,"href":"https:\/\/radiostudiow.com.br\/site\/wp-json\/wp\/v2\/posts\/21846\/revisions"}],"predecessor-version":[{"id":21858,"href":"https:\/\/radiostudiow.com.br\/site\/wp-json\/wp\/v2\/posts\/21846\/revisions\/21858"}],"wp:featuredmedia":[{"embeddable":true,"href":"https:\/\/radiostudiow.com.br\/site\/wp-json\/wp\/v2\/media\/21857"}],"wp:attachment":[{"href":"https:\/\/radiostudiow.com.br\/site\/wp-json\/wp\/v2\/media?parent=21846"}],"wp:term":[{"taxonomy":"category","embeddable":true,"href":"https:\/\/radiostudiow.com.br\/site\/wp-json\/wp\/v2\/categories?post=21846"},{"taxonomy":"post_tag","embeddable":true,"href":"https:\/\/radiostudiow.com.br\/site\/wp-json\/wp\/v2\/tags?post=21846"}],"curies":[{"name":"wp","href":"https:\/\/api.w.org\/{rel}","templated":true}]}}