{"id":21876,"date":"2024-04-24T21:16:15","date_gmt":"2024-04-25T00:16:15","guid":{"rendered":"https:\/\/radiostudiow.com.br\/site\/?p=21876"},"modified":"2025-01-31T14:59:25","modified_gmt":"2025-01-31T17:59:25","slug":"menino-de-12-anos-morre-de-dengue-em-ivai","status":"publish","type":"post","link":"https:\/\/radiostudiow.com.br\/site\/2024\/04\/24\/menino-de-12-anos-morre-de-dengue-em-ivai\/","title":{"rendered":"Menino de 12 anos morre de dengue\u00a0em\u00a0Iva\u00ed"},"content":{"rendered":"\n<p>A Secretaria de Sa\u00fade do Paran\u00e1 (Sesa) confirmou a morte por dengue de um menino de 12 anos em Iva\u00ed, munic\u00edpio dos Campos Gerais e que pertence \u00e0 3\u00aa Regional de Sa\u00fade de Ponta Grossa. De acordo com a Sesa, o adolescente n\u00e3o tinha comorbidades e morreu no \u00faltimo dia 15.<\/p>\n\n\n\n<figure class=\"wp-block-image size-full\"><img decoding=\"async\" src=\"https:\/\/radiostudiow.com.br\/site\/wp-content\/uploads\/2024\/04\/SITE-MEDIO.png\" alt=\"\" class=\"wp-image-21854\"\/><\/figure>\n\n\n\n<p>A informa\u00e7\u00e3o consta no boletim epidemiol\u00f3gico divulgado nesta ter\u00e7a-feira (23). Al\u00e9m da morte do garoto, a Sesa confirmou outros 30 \u00f3bitos por dengue no per\u00edodo de uma semana, entre eles o de uma ponta-grossense, cuja confirma\u00e7\u00e3o j\u00e1 havia sido anunciada pela Prefeitura na \u00faltima quinta-feira (18). A Sesa repassou mais detalhes sobre a v\u00edtima: ela tinha 41 anos e morreu no dia 30 de mar\u00e7o.<\/p>\n\n\n\n<p>As demais mortes ocorreram em Chopinzinho (1), S\u00e3o Jo\u00e3o (1), Amp\u00e9re (1), Dois Vizinhos (1), Pranchita (1), Santo Ant\u00f4nio do Sudoeste (3), S\u00e3o Jorge do Oeste (2), Boa Vista da Aparecida (2), Cascavel (7), Quedas do Igua\u00e7u (1), P\u00e9rola (1), Mandaguari (1), Marialva (1), Sarandi (2), Apucarana (3) e Gua\u00edra (1).&nbsp;Desde o in\u00edcio do per\u00edodo epidemiol\u00f3gico (julho\/2023), o Paran\u00e1 contabiliza 171 \u00f3bitos pela doen\u00e7a.<\/p>\n\n\n\n<figure class=\"wp-block-image size-full\"><img decoding=\"async\" src=\"https:\/\/radiostudiow.com.br\/site\/wp-content\/uploads\/2024\/04\/image-47.png\" alt=\"\" class=\"wp-image-21404\"\/><\/figure>\n\n\n\n<p>Fonte: Folha de Irati<\/p>\n","protected":false},"excerpt":{"rendered":"<p>A Secretaria de Sa\u00fade do Paran\u00e1 (Sesa) confirmou a morte por dengue de um menino de 12 anos em Iva\u00ed, munic\u00edpio dos Campos Gerais e que pertence \u00e0 3\u00aa Regional de Sa\u00fade de Ponta Grossa. De acordo com a Sesa, o adolescente n\u00e3o tinha comorbidades e morreu no \u00faltimo dia 15. A informa\u00e7\u00e3o consta no [&hellip;]<\/p>\n","protected":false},"author":2,"featured_media":21890,"comment_status":"open","ping_status":"open","sticky":false,"template":"","format":"standard","meta":{"footnotes":""},"categories":[185],"tags":[172],"class_list":["post-21876","post","type-post","status-publish","format-standard","has-post-thumbnail","hentry","category-regional","tag-featured"],"amp_enabled":true,"_links":{"self":[{"href":"https:\/\/radiostudiow.com.br\/site\/wp-json\/wp\/v2\/posts\/21876","targetHints":{"allow":["GET"]}}],"collection":[{"href":"https:\/\/radiostudiow.com.br\/site\/wp-json\/wp\/v2\/posts"}],"about":[{"href":"https:\/\/radiostudiow.com.br\/site\/wp-json\/wp\/v2\/types\/post"}],"author":[{"embeddable":true,"href":"https:\/\/radiostudiow.com.br\/site\/wp-json\/wp\/v2\/users\/2"}],"replies":[{"embeddable":true,"href":"https:\/\/radiostudiow.com.br\/site\/wp-json\/wp\/v2\/comments?post=21876"}],"version-history":[{"count":3,"href":"https:\/\/radiostudiow.com.br\/site\/wp-json\/wp\/v2\/posts\/21876\/revisions"}],"predecessor-version":[{"id":21891,"href":"https:\/\/radiostudiow.com.br\/site\/wp-json\/wp\/v2\/posts\/21876\/revisions\/21891"}],"wp:featuredmedia":[{"embeddable":true,"href":"https:\/\/radiostudiow.com.br\/site\/wp-json\/wp\/v2\/media\/21890"}],"wp:attachment":[{"href":"https:\/\/radiostudiow.com.br\/site\/wp-json\/wp\/v2\/media?parent=21876"}],"wp:term":[{"taxonomy":"category","embeddable":true,"href":"https:\/\/radiostudiow.com.br\/site\/wp-json\/wp\/v2\/categories?post=21876"},{"taxonomy":"post_tag","embeddable":true,"href":"https:\/\/radiostudiow.com.br\/site\/wp-json\/wp\/v2\/tags?post=21876"}],"curies":[{"name":"wp","href":"https:\/\/api.w.org\/{rel}","templated":true}]}}