{"id":21881,"date":"2024-04-25T09:34:53","date_gmt":"2024-04-25T12:34:53","guid":{"rendered":"https:\/\/radiostudiow.com.br\/site\/?p=21881"},"modified":"2025-01-31T14:59:25","modified_gmt":"2025-01-31T17:59:25","slug":"programa-mulher-segura-parana","status":"publish","type":"post","link":"https:\/\/radiostudiow.com.br\/site\/2024\/04\/25\/programa-mulher-segura-parana\/","title":{"rendered":"Programa Mulher Segura Paran\u00e1"},"content":{"rendered":"\n<p>Nesta segunda-feira (22) a secret\u00e1ria estadual da Mulher, Igualdade Racial e Pessoa Idosa, Leandre Dal Ponte, participou de evento do Programa Mulher Segura Paran\u00e1, realizado no audit\u00f3rio do Unicuritiba.<\/p>\n\n\n\n<figure class=\"wp-block-image size-full\"><img decoding=\"async\" src=\"https:\/\/radiostudiow.com.br\/site\/wp-content\/uploads\/2024\/04\/image-58.png\" alt=\"\" class=\"wp-image-21416\"\/><\/figure>\n\n\n\n<p>O Programa Mulher Segura Paran\u00e1 \u00e9 uma iniciativa do Governo do Estado do Paran\u00e1, por meio da Secretaria da Seguran\u00e7a P\u00fablica, resultado de uma integra\u00e7\u00e3o com a Secretaria da Mulher, Igualdade Racial e Pessoa Idosa (Semipi), Controladoria-Geral do Estado (CGE), o Tribunal de Justi\u00e7a do Paran\u00e1 e Procuradoria-Geral do Estado (PGE-PR).<\/p>\n\n\n\n<p><strong>O Coronel Hudson Le\u00f4ncio Teixeira, secret\u00e1rio estadual da Seguran\u00e7a P\u00fablica, afirma que <\/strong><em>&#8220;a ideia surgiu ap\u00f3s uma s\u00e9rie de debates sobre iniciativas que poder\u00edamos adotar com a inten\u00e7\u00e3o de diminuir a viol\u00eancia dom\u00e9stica e o feminic\u00eddio em todo o Paran\u00e1\u201d.<\/em><\/p>\n\n\n\n<p>No Estado, a Secretaria da Mulher, Igualdade Racial e Pessoa Idosa \u00e9 respons\u00e1vel pela implementa\u00e7\u00e3o de pol\u00edticas p\u00fablicas para fortalecer os v\u00ednculos entre as mulheres e investir em a\u00e7\u00f5es de empoderamento e emancipa\u00e7\u00e3o.<\/p>\n\n\n\n<figure class=\"wp-block-image size-full\"><img decoding=\"async\" src=\"https:\/\/radiostudiow.com.br\/site\/wp-content\/uploads\/2024\/04\/image-55.png\" alt=\"\" class=\"wp-image-21389\"\/><\/figure>\n\n\n\n<p>O Paran\u00e1 j\u00e1 conta com uma rede de prote\u00e7\u00e3o \u00e0 mulher com a Patrulha Maria da Penha, a Delegacia da Mulher e a Casa da Mulher Brasileira de Curitiba.<\/p>\n\n\n\n<p><strong>As mulheres podem denunciar os casos de viol\u00eancia dom\u00e9stica para o 190 da Pol\u00edcia Militar, o Disque-Den\u00fancia 181 ou tamb\u00e9m para o n\u00famero 180, do governo federal.<\/strong><\/p>\n","protected":false},"excerpt":{"rendered":"<p>Nesta segunda-feira (22) a secret\u00e1ria estadual da Mulher, Igualdade Racial e Pessoa Idosa, Leandre Dal Ponte, participou de evento do Programa Mulher Segura Paran\u00e1, realizado no audit\u00f3rio do Unicuritiba. O Programa Mulher Segura Paran\u00e1 \u00e9 uma iniciativa do Governo do Estado do Paran\u00e1, por meio da Secretaria da Seguran\u00e7a P\u00fablica, resultado de uma integra\u00e7\u00e3o com [&hellip;]<\/p>\n","protected":false},"author":2,"featured_media":21889,"comment_status":"open","ping_status":"open","sticky":false,"template":"","format":"standard","meta":{"footnotes":""},"categories":[7],"tags":[172],"class_list":["post-21881","post","type-post","status-publish","format-standard","has-post-thumbnail","hentry","category-geral","tag-featured"],"amp_enabled":true,"_links":{"self":[{"href":"https:\/\/radiostudiow.com.br\/site\/wp-json\/wp\/v2\/posts\/21881","targetHints":{"allow":["GET"]}}],"collection":[{"href":"https:\/\/radiostudiow.com.br\/site\/wp-json\/wp\/v2\/posts"}],"about":[{"href":"https:\/\/radiostudiow.com.br\/site\/wp-json\/wp\/v2\/types\/post"}],"author":[{"embeddable":true,"href":"https:\/\/radiostudiow.com.br\/site\/wp-json\/wp\/v2\/users\/2"}],"replies":[{"embeddable":true,"href":"https:\/\/radiostudiow.com.br\/site\/wp-json\/wp\/v2\/comments?post=21881"}],"version-history":[{"count":2,"href":"https:\/\/radiostudiow.com.br\/site\/wp-json\/wp\/v2\/posts\/21881\/revisions"}],"predecessor-version":[{"id":21902,"href":"https:\/\/radiostudiow.com.br\/site\/wp-json\/wp\/v2\/posts\/21881\/revisions\/21902"}],"wp:featuredmedia":[{"embeddable":true,"href":"https:\/\/radiostudiow.com.br\/site\/wp-json\/wp\/v2\/media\/21889"}],"wp:attachment":[{"href":"https:\/\/radiostudiow.com.br\/site\/wp-json\/wp\/v2\/media?parent=21881"}],"wp:term":[{"taxonomy":"category","embeddable":true,"href":"https:\/\/radiostudiow.com.br\/site\/wp-json\/wp\/v2\/categories?post=21881"},{"taxonomy":"post_tag","embeddable":true,"href":"https:\/\/radiostudiow.com.br\/site\/wp-json\/wp\/v2\/tags?post=21881"}],"curies":[{"name":"wp","href":"https:\/\/api.w.org\/{rel}","templated":true}]}}