{"id":21892,"date":"2024-04-24T21:19:48","date_gmt":"2024-04-25T00:19:48","guid":{"rendered":"https:\/\/radiostudiow.com.br\/site\/?p=21892"},"modified":"2025-01-31T14:59:25","modified_gmt":"2025-01-31T17:59:25","slug":"estudante-de-16-anos-e-detido-apos-praticar-ato-obsceno-em-sala-de-aula-em-porto-uniao","status":"publish","type":"post","link":"https:\/\/radiostudiow.com.br\/site\/2024\/04\/24\/estudante-de-16-anos-e-detido-apos-praticar-ato-obsceno-em-sala-de-aula-em-porto-uniao\/","title":{"rendered":"Estudante de 16 anos \u00e9 detido ap\u00f3s praticar ato obsceno em sala de aula em Porto Uni\u00e3o"},"content":{"rendered":"\n<p>Um estudante de 16 anos foi apreendido nesta ter\u00e7a-feira, 23,\u00a0 ap\u00f3s praticar um ato obsceno em sala de aula, em um Col\u00e9gio no centro de Porto Uni\u00e3o. A a\u00e7\u00e3o foi flagrada por uma colega de turma, que se sentiu constrangida e denunciou o caso \u00e0 dire\u00e7\u00e3o da escola.<\/p>\n\n\n\n<figure class=\"wp-block-image size-full\"><img decoding=\"async\" src=\"https:\/\/radiostudiow.com.br\/site\/wp-content\/uploads\/2024\/04\/image-55.png\" alt=\"\" class=\"wp-image-21389\"\/><\/figure>\n\n\n\n<p>Segundo informa\u00e7\u00f5es da Pol\u00edcia Militar, a guarni\u00e7\u00e3o foi acionada pelo Comando de Opera\u00e7\u00f5es da Pol\u00edcia Militar (COPOM) por volta das 11h30 da manh\u00e3. Ao chegar ao local, os policiais encontraram o aluno detido pela dire\u00e7\u00e3o e pela equipe de orienta\u00e7\u00e3o pedag\u00f3gica.<\/p>\n\n\n\n<p>Em depoimento, a v\u00edtima relatou que o estudante j\u00e1 havia praticado atos semelhantes em outras ocasi\u00f5es. Ela disse que se sente constrangida com a situa\u00e7\u00e3o, e que por isso decidiu denunci\u00e1-lo.<\/p>\n\n\n\n<p>O ato obsceno foi filmado por um dos alunos da sala e as imagens foram anexadas ao boletim de ocorr\u00eancia. Diante dos fatos, a guarni\u00e7\u00e3o acionou o Conselho Tutelar e conduziu o adolescente e a v\u00edtima para a Delegacia de Pol\u00edcia Civil, onde o caso ser\u00e1 investigado.<\/p>\n\n\n\n<figure class=\"wp-block-image size-full\"><img loading=\"lazy\" decoding=\"async\" width=\"598\" height=\"204\" src=\"https:\/\/radiostudiow.com.br\/site\/wp-content\/uploads\/2024\/04\/image-29.png\" alt=\"\" class=\"wp-image-21283\" srcset=\"https:\/\/radiostudiow.com.br\/site\/wp-content\/uploads\/2024\/04\/image-29.png 598w, https:\/\/radiostudiow.com.br\/site\/wp-content\/uploads\/2024\/04\/image-29-300x102.png 300w\" sizes=\"auto, (max-width: 598px) 100vw, 598px\" \/><\/figure>\n\n\n\n<p>Fonte:VVale<\/p>\n","protected":false},"excerpt":{"rendered":"<p>Um estudante de 16 anos foi apreendido nesta ter\u00e7a-feira, 23,\u00a0 ap\u00f3s praticar um ato obsceno em sala de aula, em um Col\u00e9gio no centro de Porto Uni\u00e3o. A a\u00e7\u00e3o foi flagrada por uma colega de turma, que se sentiu constrangida e denunciou o caso \u00e0 dire\u00e7\u00e3o da escola. Segundo informa\u00e7\u00f5es da Pol\u00edcia Militar, a guarni\u00e7\u00e3o [&hellip;]<\/p>\n","protected":false},"author":2,"featured_media":21893,"comment_status":"open","ping_status":"open","sticky":false,"template":"","format":"standard","meta":{"footnotes":""},"categories":[2],"tags":[172],"class_list":["post-21892","post","type-post","status-publish","format-standard","has-post-thumbnail","hentry","category-policial","tag-featured"],"amp_enabled":true,"_links":{"self":[{"href":"https:\/\/radiostudiow.com.br\/site\/wp-json\/wp\/v2\/posts\/21892","targetHints":{"allow":["GET"]}}],"collection":[{"href":"https:\/\/radiostudiow.com.br\/site\/wp-json\/wp\/v2\/posts"}],"about":[{"href":"https:\/\/radiostudiow.com.br\/site\/wp-json\/wp\/v2\/types\/post"}],"author":[{"embeddable":true,"href":"https:\/\/radiostudiow.com.br\/site\/wp-json\/wp\/v2\/users\/2"}],"replies":[{"embeddable":true,"href":"https:\/\/radiostudiow.com.br\/site\/wp-json\/wp\/v2\/comments?post=21892"}],"version-history":[{"count":1,"href":"https:\/\/radiostudiow.com.br\/site\/wp-json\/wp\/v2\/posts\/21892\/revisions"}],"predecessor-version":[{"id":21894,"href":"https:\/\/radiostudiow.com.br\/site\/wp-json\/wp\/v2\/posts\/21892\/revisions\/21894"}],"wp:featuredmedia":[{"embeddable":true,"href":"https:\/\/radiostudiow.com.br\/site\/wp-json\/wp\/v2\/media\/21893"}],"wp:attachment":[{"href":"https:\/\/radiostudiow.com.br\/site\/wp-json\/wp\/v2\/media?parent=21892"}],"wp:term":[{"taxonomy":"category","embeddable":true,"href":"https:\/\/radiostudiow.com.br\/site\/wp-json\/wp\/v2\/categories?post=21892"},{"taxonomy":"post_tag","embeddable":true,"href":"https:\/\/radiostudiow.com.br\/site\/wp-json\/wp\/v2\/tags?post=21892"}],"curies":[{"name":"wp","href":"https:\/\/api.w.org\/{rel}","templated":true}]}}