{"id":21910,"date":"2024-04-25T19:11:21","date_gmt":"2024-04-25T22:11:21","guid":{"rendered":"https:\/\/radiostudiow.com.br\/site\/?p=21910"},"modified":"2025-01-31T14:59:25","modified_gmt":"2025-01-31T17:59:25","slug":"morre-adolescente-de-17-anos-que-teve-93-do-corpo-queimado-enquanto-trabalhava-em-uniao-da-vitoria","status":"publish","type":"post","link":"https:\/\/radiostudiow.com.br\/site\/2024\/04\/25\/morre-adolescente-de-17-anos-que-teve-93-do-corpo-queimado-enquanto-trabalhava-em-uniao-da-vitoria\/","title":{"rendered":"Morre adolescente de 17 anos que teve 93% do corpo queimado enquanto trabalhava em Uni\u00e3o da Vit\u00f3ria"},"content":{"rendered":"\n<p>Morreu nesta quinta-feira, dia 25 de abril, o adolescente de 17 anos que foi v\u00edtima do choque el\u00e9trico no in\u00edcio da semana, no bairro Rocio, em Uni\u00e3o da Vit\u00f3ria.<\/p>\n\n\n\n<figure class=\"wp-block-image size-full\"><img loading=\"lazy\" decoding=\"async\" width=\"897\" height=\"204\" src=\"https:\/\/radiostudiow.com.br\/site\/wp-content\/uploads\/2024\/04\/image-51.png\" alt=\"\" class=\"wp-image-21370\" srcset=\"https:\/\/radiostudiow.com.br\/site\/wp-content\/uploads\/2024\/04\/image-51.png 897w, https:\/\/radiostudiow.com.br\/site\/wp-content\/uploads\/2024\/04\/image-51-300x68.png 300w, https:\/\/radiostudiow.com.br\/site\/wp-content\/uploads\/2024\/04\/image-51-768x175.png 768w\" sizes=\"auto, (max-width: 897px) 100vw, 897px\" \/><\/figure>\n\n\n\n<p>De acordo com informa\u00e7\u00f5es, o adolescente teve 93% do corpo queimado e foi socorrido em estado grave, sendo encaminhado a um hospital de Curitiba. Ap\u00f3s tr\u00eas dias, ele n\u00e3o resistiu e foi a \u00f3bito.<\/p>\n\n\n\n<p>Ainda conforme apurado, o adolescente foi identificado como Lu\u00eds Alonso Trindade, de 17 anos de idade.<\/p>\n\n\n\n<figure class=\"wp-block-image size-full\"><img loading=\"lazy\" decoding=\"async\" width=\"500\" height=\"281\" src=\"https:\/\/radiostudiow.com.br\/site\/wp-content\/uploads\/2024\/04\/01-2.png\" alt=\"\" class=\"wp-image-21912\" srcset=\"https:\/\/radiostudiow.com.br\/site\/wp-content\/uploads\/2024\/04\/01-2.png 500w, https:\/\/radiostudiow.com.br\/site\/wp-content\/uploads\/2024\/04\/01-2-300x169.png 300w\" sizes=\"auto, (max-width: 500px) 100vw, 500px\" \/><\/figure>\n","protected":false},"excerpt":{"rendered":"<p>Morreu nesta quinta-feira, dia 25 de abril, o adolescente de 17 anos que foi v\u00edtima do choque el\u00e9trico no in\u00edcio da semana, no bairro Rocio, em Uni\u00e3o da Vit\u00f3ria. De acordo com informa\u00e7\u00f5es, o adolescente teve 93% do corpo queimado e foi socorrido em estado grave, sendo encaminhado a um hospital de Curitiba. Ap\u00f3s tr\u00eas [&hellip;]<\/p>\n","protected":false},"author":2,"featured_media":21911,"comment_status":"open","ping_status":"open","sticky":false,"template":"","format":"standard","meta":{"footnotes":""},"categories":[185],"tags":[172],"class_list":["post-21910","post","type-post","status-publish","format-standard","has-post-thumbnail","hentry","category-regional","tag-featured"],"amp_enabled":true,"_links":{"self":[{"href":"https:\/\/radiostudiow.com.br\/site\/wp-json\/wp\/v2\/posts\/21910","targetHints":{"allow":["GET"]}}],"collection":[{"href":"https:\/\/radiostudiow.com.br\/site\/wp-json\/wp\/v2\/posts"}],"about":[{"href":"https:\/\/radiostudiow.com.br\/site\/wp-json\/wp\/v2\/types\/post"}],"author":[{"embeddable":true,"href":"https:\/\/radiostudiow.com.br\/site\/wp-json\/wp\/v2\/users\/2"}],"replies":[{"embeddable":true,"href":"https:\/\/radiostudiow.com.br\/site\/wp-json\/wp\/v2\/comments?post=21910"}],"version-history":[{"count":1,"href":"https:\/\/radiostudiow.com.br\/site\/wp-json\/wp\/v2\/posts\/21910\/revisions"}],"predecessor-version":[{"id":21913,"href":"https:\/\/radiostudiow.com.br\/site\/wp-json\/wp\/v2\/posts\/21910\/revisions\/21913"}],"wp:featuredmedia":[{"embeddable":true,"href":"https:\/\/radiostudiow.com.br\/site\/wp-json\/wp\/v2\/media\/21911"}],"wp:attachment":[{"href":"https:\/\/radiostudiow.com.br\/site\/wp-json\/wp\/v2\/media?parent=21910"}],"wp:term":[{"taxonomy":"category","embeddable":true,"href":"https:\/\/radiostudiow.com.br\/site\/wp-json\/wp\/v2\/categories?post=21910"},{"taxonomy":"post_tag","embeddable":true,"href":"https:\/\/radiostudiow.com.br\/site\/wp-json\/wp\/v2\/tags?post=21910"}],"curies":[{"name":"wp","href":"https:\/\/api.w.org\/{rel}","templated":true}]}}