{"id":21935,"date":"2024-04-25T20:53:34","date_gmt":"2024-04-25T23:53:34","guid":{"rendered":"https:\/\/radiostudiow.com.br\/site\/?p=21935"},"modified":"2025-01-31T14:59:25","modified_gmt":"2025-01-31T17:59:25","slug":"homem-e-preso-apos-descumprir-medida-protetiva-e-ameacar-familiares","status":"publish","type":"post","link":"https:\/\/radiostudiow.com.br\/site\/2024\/04\/25\/homem-e-preso-apos-descumprir-medida-protetiva-e-ameacar-familiares\/","title":{"rendered":"Homem \u00e9 preso ap\u00f3s descumprir medida protetiva e amea\u00e7ar familiares"},"content":{"rendered":"\n<p>A equipe da Pol\u00edcia Militar de Uni\u00e3o da Vit\u00f3ria foi acionada para atender uma situa\u00e7\u00e3o de descumprimento de medida protetiva por volta das 00:52 horas dessa quinta-feira (25), na localidade S\u00e3o Braz.<\/p>\n\n\n\n<figure class=\"wp-block-image size-full\"><img loading=\"lazy\" decoding=\"async\" width=\"598\" height=\"204\" src=\"https:\/\/radiostudiow.com.br\/site\/wp-content\/uploads\/2024\/04\/image-39.png\" alt=\"\" class=\"wp-image-21311\" srcset=\"https:\/\/radiostudiow.com.br\/site\/wp-content\/uploads\/2024\/04\/image-39.png 598w, https:\/\/radiostudiow.com.br\/site\/wp-content\/uploads\/2024\/04\/image-39-300x102.png 300w\" sizes=\"auto, (max-width: 598px) 100vw, 598px\" \/><\/figure>\n\n\n\n<p>Em conversa com uma solicitante, a qual relatou ter medida protetiva contra seu filho e ele teria ido at\u00e9 sua resid\u00eancia, pulando o port\u00e3o, arrombado a porta, falando que a casa tamb\u00e9m era dele e que iria dormir no local.<\/p>\n\n\n\n<p>Ap\u00f3s consulta, foi verificado a medida e com isso foi dada a voz de pris\u00e3o.<\/p>\n\n\n\n<figure class=\"wp-block-image size-full\"><img loading=\"lazy\" decoding=\"async\" width=\"300\" height=\"180\" src=\"https:\/\/radiostudiow.com.br\/site\/wp-content\/uploads\/2024\/04\/image-26.png\" alt=\"\" class=\"wp-image-21279\"\/><\/figure>\n\n\n\n<p>No momento em que era conduzido at\u00e9 a viatura, o autor amea\u00e7ou seus familiares na presen\u00e7a da equipe policial. Ele foi conduzido at\u00e9 a 4\u00aa SDP de Uni\u00e3o da Vit\u00f3ria para os demais procedimentos cab\u00edveis.<\/p>\n","protected":false},"excerpt":{"rendered":"<p>A equipe da Pol\u00edcia Militar de Uni\u00e3o da Vit\u00f3ria foi acionada para atender uma situa\u00e7\u00e3o de descumprimento de medida protetiva por volta das 00:52 horas dessa quinta-feira (25), na localidade S\u00e3o Braz. Em conversa com uma solicitante, a qual relatou ter medida protetiva contra seu filho e ele teria ido at\u00e9 sua resid\u00eancia, pulando o [&hellip;]<\/p>\n","protected":false},"author":2,"featured_media":19871,"comment_status":"open","ping_status":"open","sticky":false,"template":"","format":"standard","meta":{"footnotes":""},"categories":[2],"tags":[172],"class_list":["post-21935","post","type-post","status-publish","format-standard","has-post-thumbnail","hentry","category-policial","tag-featured"],"amp_enabled":true,"_links":{"self":[{"href":"https:\/\/radiostudiow.com.br\/site\/wp-json\/wp\/v2\/posts\/21935","targetHints":{"allow":["GET"]}}],"collection":[{"href":"https:\/\/radiostudiow.com.br\/site\/wp-json\/wp\/v2\/posts"}],"about":[{"href":"https:\/\/radiostudiow.com.br\/site\/wp-json\/wp\/v2\/types\/post"}],"author":[{"embeddable":true,"href":"https:\/\/radiostudiow.com.br\/site\/wp-json\/wp\/v2\/users\/2"}],"replies":[{"embeddable":true,"href":"https:\/\/radiostudiow.com.br\/site\/wp-json\/wp\/v2\/comments?post=21935"}],"version-history":[{"count":1,"href":"https:\/\/radiostudiow.com.br\/site\/wp-json\/wp\/v2\/posts\/21935\/revisions"}],"predecessor-version":[{"id":21936,"href":"https:\/\/radiostudiow.com.br\/site\/wp-json\/wp\/v2\/posts\/21935\/revisions\/21936"}],"wp:featuredmedia":[{"embeddable":true,"href":"https:\/\/radiostudiow.com.br\/site\/wp-json\/wp\/v2\/media\/19871"}],"wp:attachment":[{"href":"https:\/\/radiostudiow.com.br\/site\/wp-json\/wp\/v2\/media?parent=21935"}],"wp:term":[{"taxonomy":"category","embeddable":true,"href":"https:\/\/radiostudiow.com.br\/site\/wp-json\/wp\/v2\/categories?post=21935"},{"taxonomy":"post_tag","embeddable":true,"href":"https:\/\/radiostudiow.com.br\/site\/wp-json\/wp\/v2\/tags?post=21935"}],"curies":[{"name":"wp","href":"https:\/\/api.w.org\/{rel}","templated":true}]}}