{"id":21937,"date":"2024-04-25T20:54:31","date_gmt":"2024-04-25T23:54:31","guid":{"rendered":"https:\/\/radiostudiow.com.br\/site\/?p=21937"},"modified":"2025-01-31T14:59:25","modified_gmt":"2025-01-31T17:59:25","slug":"pc-de-reboucas-prende-em-flagrante-suspeito-de-trafico-de-drogas","status":"publish","type":"post","link":"https:\/\/radiostudiow.com.br\/site\/2024\/04\/25\/pc-de-reboucas-prende-em-flagrante-suspeito-de-trafico-de-drogas\/","title":{"rendered":"PC de Rebou\u00e7as prende em flagrante suspeito de tr\u00e1fico de drogas"},"content":{"rendered":"\n<p>A equipe da Delegacia de Pol\u00edcia Civil de Rebou\u00e7as efetuou a pris\u00e3o em flagrante de um indiv\u00edduo de 26 anos, que estava na condu\u00e7\u00e3o de ve\u00edculo automotor transportando entorpecentes da regi\u00e3o metropolitana de Curitiba para Rebou\u00e7as na manh\u00e3 desta quarta-feira (24).<\/p>\n\n\n\n<figure class=\"wp-block-image size-full\"><img decoding=\"async\" src=\"https:\/\/radiostudiow.com.br\/site\/wp-content\/uploads\/2024\/04\/image-46.png\" alt=\"\" class=\"wp-image-21400\"\/><\/figure>\n\n\n\n<p>A Pol\u00edcia Civil, com o apoio da Pol\u00edcia Militar, monitorou o ve\u00edculo utilizado pelo flagrado, que j\u00e1 era investigado anteriormente, e no momento que verificou a sa\u00edda do ve\u00edculo na cidade, iniciou uma persegui\u00e7\u00e3o veicular na BR153 &#8211; sentido Irati.<\/p>\n\n\n\n<p>O ve\u00edculo conduzido pelo investigado foi alcan\u00e7ado pela viatura policial e, ap\u00f3s abordagem, foram encontrados entorpecentes (maconha e coca\u00edna) no ve\u00edculo, bem como constatado a adultera\u00e7\u00e3o de sinal identificador do ve\u00edculo.<\/p>\n\n\n\n<figure class=\"wp-block-image size-full\"><img loading=\"lazy\" decoding=\"async\" width=\"300\" height=\"180\" src=\"https:\/\/radiostudiow.com.br\/site\/wp-content\/uploads\/2024\/04\/SITE-PEQUENO.png\" alt=\"\" class=\"wp-image-21712\"\/><\/figure>\n\n\n\n<p>Interrogado na Delegacia de Pol\u00edcia, o flagrado confessou ter feito uso de coca\u00edna enquanto conduzia o ve\u00edculo pelas vias p\u00fablicas.<\/p>\n\n\n\n<p>Realizados os tr\u00e2mites policiais, o autor foi encaminhado ao sistema carcer\u00e1rio, enquanto aguarda audi\u00eancia de cust\u00f3dia.<\/p>\n","protected":false},"excerpt":{"rendered":"<p>A equipe da Delegacia de Pol\u00edcia Civil de Rebou\u00e7as efetuou a pris\u00e3o em flagrante de um indiv\u00edduo de 26 anos, que estava na condu\u00e7\u00e3o de ve\u00edculo automotor transportando entorpecentes da regi\u00e3o metropolitana de Curitiba para Rebou\u00e7as na manh\u00e3 desta quarta-feira (24). A Pol\u00edcia Civil, com o apoio da Pol\u00edcia Militar, monitorou o ve\u00edculo utilizado pelo [&hellip;]<\/p>\n","protected":false},"author":2,"featured_media":21938,"comment_status":"open","ping_status":"open","sticky":false,"template":"","format":"standard","meta":{"footnotes":""},"categories":[2],"tags":[172],"class_list":["post-21937","post","type-post","status-publish","format-standard","has-post-thumbnail","hentry","category-policial","tag-featured"],"amp_enabled":true,"_links":{"self":[{"href":"https:\/\/radiostudiow.com.br\/site\/wp-json\/wp\/v2\/posts\/21937","targetHints":{"allow":["GET"]}}],"collection":[{"href":"https:\/\/radiostudiow.com.br\/site\/wp-json\/wp\/v2\/posts"}],"about":[{"href":"https:\/\/radiostudiow.com.br\/site\/wp-json\/wp\/v2\/types\/post"}],"author":[{"embeddable":true,"href":"https:\/\/radiostudiow.com.br\/site\/wp-json\/wp\/v2\/users\/2"}],"replies":[{"embeddable":true,"href":"https:\/\/radiostudiow.com.br\/site\/wp-json\/wp\/v2\/comments?post=21937"}],"version-history":[{"count":1,"href":"https:\/\/radiostudiow.com.br\/site\/wp-json\/wp\/v2\/posts\/21937\/revisions"}],"predecessor-version":[{"id":21939,"href":"https:\/\/radiostudiow.com.br\/site\/wp-json\/wp\/v2\/posts\/21937\/revisions\/21939"}],"wp:featuredmedia":[{"embeddable":true,"href":"https:\/\/radiostudiow.com.br\/site\/wp-json\/wp\/v2\/media\/21938"}],"wp:attachment":[{"href":"https:\/\/radiostudiow.com.br\/site\/wp-json\/wp\/v2\/media?parent=21937"}],"wp:term":[{"taxonomy":"category","embeddable":true,"href":"https:\/\/radiostudiow.com.br\/site\/wp-json\/wp\/v2\/categories?post=21937"},{"taxonomy":"post_tag","embeddable":true,"href":"https:\/\/radiostudiow.com.br\/site\/wp-json\/wp\/v2\/tags?post=21937"}],"curies":[{"name":"wp","href":"https:\/\/api.w.org\/{rel}","templated":true}]}}