{"id":21945,"date":"2024-04-26T18:49:32","date_gmt":"2024-04-26T21:49:32","guid":{"rendered":"https:\/\/radiostudiow.com.br\/site\/?p=21945"},"modified":"2025-01-31T14:59:24","modified_gmt":"2025-01-31T17:59:24","slug":"homem-e-preso-por-esfaquear-companheira-em-uniao-da-vitoria","status":"publish","type":"post","link":"https:\/\/radiostudiow.com.br\/site\/2024\/04\/26\/homem-e-preso-por-esfaquear-companheira-em-uniao-da-vitoria\/","title":{"rendered":"Homem \u00e9 preso por esfaquear companheira em Uni\u00e3o da Vit\u00f3ria"},"content":{"rendered":"\n<p>Equipes da Pol\u00edcia Militar foram acionadas para verificar uma situa\u00e7\u00e3o de viol\u00eancia contra mulher. O caso foi registrado por volta das 15:30 horas desta quinta-feira, 25 de abril, em Uni\u00e3o da Vit\u00f3ria.<\/p>\n\n\n\n<figure class=\"wp-block-image size-full\"><img loading=\"lazy\" decoding=\"async\" width=\"897\" height=\"204\" src=\"https:\/\/radiostudiow.com.br\/site\/wp-content\/uploads\/2024\/04\/image-7.png\" alt=\"\" class=\"wp-image-21177\" srcset=\"https:\/\/radiostudiow.com.br\/site\/wp-content\/uploads\/2024\/04\/image-7.png 897w, https:\/\/radiostudiow.com.br\/site\/wp-content\/uploads\/2024\/04\/image-7-300x68.png 300w, https:\/\/radiostudiow.com.br\/site\/wp-content\/uploads\/2024\/04\/image-7-768x175.png 768w\" sizes=\"auto, (max-width: 897px) 100vw, 897px\" \/><\/figure>\n\n\n\n<p>Conforme informa\u00e7\u00f5es das autoridades, um homem teria esfaqueado a pr\u00f3pria companheira. Ela foi socorrida por equipes do Corpo de Bombeiros e encaminhada \u00e0 Unidade de Pronto Atendimento (UPA) do munic\u00edpio.<\/p>\n\n\n\n<p>O suspeito fugiu do local, mas foi localizado pelos policiais momentos ap\u00f3s a agress\u00e3o. O autor recebeu voz de pris\u00e3o e foi encaminhado para a Delegacia.<\/p>\n\n\n\n<figure class=\"wp-block-image size-full\"><img decoding=\"async\" src=\"https:\/\/radiostudiow.com.br\/site\/wp-content\/uploads\/2024\/04\/image-11.png\" alt=\"\" class=\"wp-image-21624\"\/><\/figure>\n","protected":false},"excerpt":{"rendered":"<p>Equipes da Pol\u00edcia Militar foram acionadas para verificar uma situa\u00e7\u00e3o de viol\u00eancia contra mulher. O caso foi registrado por volta das 15:30 horas desta quinta-feira, 25 de abril, em Uni\u00e3o da Vit\u00f3ria. Conforme informa\u00e7\u00f5es das autoridades, um homem teria esfaqueado a pr\u00f3pria companheira. Ela foi socorrida por equipes do Corpo de Bombeiros e encaminhada \u00e0 [&hellip;]<\/p>\n","protected":false},"author":2,"featured_media":14208,"comment_status":"open","ping_status":"open","sticky":false,"template":"","format":"standard","meta":{"footnotes":""},"categories":[2],"tags":[172],"class_list":["post-21945","post","type-post","status-publish","format-standard","has-post-thumbnail","hentry","category-policial","tag-featured"],"amp_enabled":true,"_links":{"self":[{"href":"https:\/\/radiostudiow.com.br\/site\/wp-json\/wp\/v2\/posts\/21945","targetHints":{"allow":["GET"]}}],"collection":[{"href":"https:\/\/radiostudiow.com.br\/site\/wp-json\/wp\/v2\/posts"}],"about":[{"href":"https:\/\/radiostudiow.com.br\/site\/wp-json\/wp\/v2\/types\/post"}],"author":[{"embeddable":true,"href":"https:\/\/radiostudiow.com.br\/site\/wp-json\/wp\/v2\/users\/2"}],"replies":[{"embeddable":true,"href":"https:\/\/radiostudiow.com.br\/site\/wp-json\/wp\/v2\/comments?post=21945"}],"version-history":[{"count":2,"href":"https:\/\/radiostudiow.com.br\/site\/wp-json\/wp\/v2\/posts\/21945\/revisions"}],"predecessor-version":[{"id":21966,"href":"https:\/\/radiostudiow.com.br\/site\/wp-json\/wp\/v2\/posts\/21945\/revisions\/21966"}],"wp:featuredmedia":[{"embeddable":true,"href":"https:\/\/radiostudiow.com.br\/site\/wp-json\/wp\/v2\/media\/14208"}],"wp:attachment":[{"href":"https:\/\/radiostudiow.com.br\/site\/wp-json\/wp\/v2\/media?parent=21945"}],"wp:term":[{"taxonomy":"category","embeddable":true,"href":"https:\/\/radiostudiow.com.br\/site\/wp-json\/wp\/v2\/categories?post=21945"},{"taxonomy":"post_tag","embeddable":true,"href":"https:\/\/radiostudiow.com.br\/site\/wp-json\/wp\/v2\/tags?post=21945"}],"curies":[{"name":"wp","href":"https:\/\/api.w.org\/{rel}","templated":true}]}}