{"id":21950,"date":"2024-04-26T18:47:22","date_gmt":"2024-04-26T21:47:22","guid":{"rendered":"https:\/\/radiostudiow.com.br\/site\/?p=21950"},"modified":"2025-01-31T14:59:24","modified_gmt":"2025-01-31T17:59:24","slug":"vitima-vai-parar-no-teto-de-carro-apos-atropelamento-em-porto-uniao","status":"publish","type":"post","link":"https:\/\/radiostudiow.com.br\/site\/2024\/04\/26\/vitima-vai-parar-no-teto-de-carro-apos-atropelamento-em-porto-uniao\/","title":{"rendered":"V\u00edtima vai parar no teto de carro ap\u00f3s atropelamento em Porto Uni\u00e3o"},"content":{"rendered":"\n<p>Um acidente de tr\u00e2nsito assustou quem passava pela rua Matos Costa, no centro de Porto Uni\u00e3o. Uma adolescente foi atropelada por um ve\u00edculo Renault e com o impacto foi lan\u00e7ada para cima do autom\u00f3vel por volta das 17 horas desta quinta-feira (25).<\/p>\n\n\n\n<figure class=\"wp-block-image size-full\"><img loading=\"lazy\" decoding=\"async\" width=\"897\" height=\"204\" src=\"https:\/\/radiostudiow.com.br\/site\/wp-content\/uploads\/2024\/04\/image-37.png\" alt=\"\" class=\"wp-image-21305\" srcset=\"https:\/\/radiostudiow.com.br\/site\/wp-content\/uploads\/2024\/04\/image-37.png 897w, https:\/\/radiostudiow.com.br\/site\/wp-content\/uploads\/2024\/04\/image-37-300x68.png 300w, https:\/\/radiostudiow.com.br\/site\/wp-content\/uploads\/2024\/04\/image-37-768x175.png 768w\" sizes=\"auto, (max-width: 897px) 100vw, 897px\" \/><\/figure>\n\n\n\n<p>Segundo os bombeiros, a menor foi encontrada semi sentada no teto do carro, consciente, orientada, por\u00e9m, com suspeita de fratura aberta no f\u00eamur da perna direita, al\u00e9m de escoria\u00e7\u00f5es no rosto e na cabe\u00e7a.<\/p>\n\n\n\n<p>Ap\u00f3s ser realizada a estabiliza\u00e7\u00e3o, imobiliza\u00e7\u00e3o do membro lesionado e demais procedimentos de atendimento pr\u00e9-hospitalar, a menina foi encaminhada para o Hospital S\u00e3o Braz para receber atendimento m\u00e9dico.<\/p>\n\n\n\n<figure class=\"wp-block-image size-full\"><img loading=\"lazy\" decoding=\"async\" width=\"598\" height=\"204\" src=\"https:\/\/radiostudiow.com.br\/site\/wp-content\/uploads\/2024\/04\/image-39.png\" alt=\"\" class=\"wp-image-21311\" srcset=\"https:\/\/radiostudiow.com.br\/site\/wp-content\/uploads\/2024\/04\/image-39.png 598w, https:\/\/radiostudiow.com.br\/site\/wp-content\/uploads\/2024\/04\/image-39-300x102.png 300w\" sizes=\"auto, (max-width: 598px) 100vw, 598px\" \/><\/figure>\n","protected":false},"excerpt":{"rendered":"<p>Um acidente de tr\u00e2nsito assustou quem passava pela rua Matos Costa, no centro de Porto Uni\u00e3o. Uma adolescente foi atropelada por um ve\u00edculo Renault e com o impacto foi lan\u00e7ada para cima do autom\u00f3vel por volta das 17 horas desta quinta-feira (25). Segundo os bombeiros, a menor foi encontrada semi sentada no teto do carro, [&hellip;]<\/p>\n","protected":false},"author":2,"featured_media":21952,"comment_status":"open","ping_status":"open","sticky":false,"template":"","format":"standard","meta":{"footnotes":""},"categories":[185],"tags":[172],"class_list":["post-21950","post","type-post","status-publish","format-standard","has-post-thumbnail","hentry","category-regional","tag-featured"],"amp_enabled":true,"_links":{"self":[{"href":"https:\/\/radiostudiow.com.br\/site\/wp-json\/wp\/v2\/posts\/21950","targetHints":{"allow":["GET"]}}],"collection":[{"href":"https:\/\/radiostudiow.com.br\/site\/wp-json\/wp\/v2\/posts"}],"about":[{"href":"https:\/\/radiostudiow.com.br\/site\/wp-json\/wp\/v2\/types\/post"}],"author":[{"embeddable":true,"href":"https:\/\/radiostudiow.com.br\/site\/wp-json\/wp\/v2\/users\/2"}],"replies":[{"embeddable":true,"href":"https:\/\/radiostudiow.com.br\/site\/wp-json\/wp\/v2\/comments?post=21950"}],"version-history":[{"count":2,"href":"https:\/\/radiostudiow.com.br\/site\/wp-json\/wp\/v2\/posts\/21950\/revisions"}],"predecessor-version":[{"id":21972,"href":"https:\/\/radiostudiow.com.br\/site\/wp-json\/wp\/v2\/posts\/21950\/revisions\/21972"}],"wp:featuredmedia":[{"embeddable":true,"href":"https:\/\/radiostudiow.com.br\/site\/wp-json\/wp\/v2\/media\/21952"}],"wp:attachment":[{"href":"https:\/\/radiostudiow.com.br\/site\/wp-json\/wp\/v2\/media?parent=21950"}],"wp:term":[{"taxonomy":"category","embeddable":true,"href":"https:\/\/radiostudiow.com.br\/site\/wp-json\/wp\/v2\/categories?post=21950"},{"taxonomy":"post_tag","embeddable":true,"href":"https:\/\/radiostudiow.com.br\/site\/wp-json\/wp\/v2\/tags?post=21950"}],"curies":[{"name":"wp","href":"https:\/\/api.w.org\/{rel}","templated":true}]}}