{"id":21953,"date":"2024-04-26T18:50:29","date_gmt":"2024-04-26T21:50:29","guid":{"rendered":"https:\/\/radiostudiow.com.br\/site\/?p=21953"},"modified":"2025-01-31T14:59:24","modified_gmt":"2025-01-31T17:59:24","slug":"carreta-tem-carga-saqueada-e-suspeita-de-incendio-criminoso-na-br-153","status":"publish","type":"post","link":"https:\/\/radiostudiow.com.br\/site\/2024\/04\/26\/carreta-tem-carga-saqueada-e-suspeita-de-incendio-criminoso-na-br-153\/","title":{"rendered":"Carreta tem carga saqueada e suspeita de inc\u00eandio criminoso na BR-153"},"content":{"rendered":"\n<p>Motorista de carreta com placas de Conc\u00f3rdia, perdeu o controle da dire\u00e7\u00e3o e acabou sa\u00eddo da pista, ficado parado na canaleta ao lado do Km 478 da BR-153, em Anta Gorda Porto Vit\u00f3ria por volta das 5 hoeas desta sexta-feira (26).<\/p>\n\n\n\n<figure class=\"wp-block-image size-full\"><img decoding=\"async\" src=\"https:\/\/radiostudiow.com.br\/site\/wp-content\/uploads\/2024\/04\/image-46.png\" alt=\"\" class=\"wp-image-21400\"\/><\/figure>\n\n\n\n<p>A equipe de bombeiros comunit\u00e1rios da Defesa Civil de General Carneiro atenderam a ocorr\u00eancia que inclusive deixou a carreta em chamas. Enquanto a equipe controlava o inc\u00eandio, a carga foi alvo de saques por parte de terceiros.<\/p>\n\n\n\n<p>Inclusive segundo relatos de testemunhas, os pr\u00f3prios saqueadores atearam fogo no ve\u00edculo e ainda amea\u00e7aram o motorista que tentava avisar sobre o acidente.<\/p>\n\n\n\n<p>Para auxiliar na gest\u00e3o do incidente, a Pol\u00edcia Rodovi\u00e1ria Federal tamb\u00e9m compareceu ao local, assumindo o controle do tr\u00e1fego na regi\u00e3o afetada.<\/p>\n\n\n\n<p>Estima-se que cerca de 12 mil litros de \u00e1gua foram utilizados na opera\u00e7\u00e3o de combate ao inc\u00eandio, que mobilizou recursos e esfor\u00e7os das equipes de socorro e das autoridades rodovi\u00e1rias.<\/p>\n\n\n\n<figure class=\"wp-block-image size-full\"><img loading=\"lazy\" decoding=\"async\" width=\"590\" height=\"204\" src=\"https:\/\/radiostudiow.com.br\/site\/wp-content\/uploads\/2024\/04\/image-27.png\" alt=\"\" class=\"wp-image-21280\" srcset=\"https:\/\/radiostudiow.com.br\/site\/wp-content\/uploads\/2024\/04\/image-27.png 590w, https:\/\/radiostudiow.com.br\/site\/wp-content\/uploads\/2024\/04\/image-27-300x104.png 300w\" sizes=\"auto, (max-width: 590px) 100vw, 590px\" \/><\/figure>\n\n\n\n<figure class=\"wp-block-image size-large\"><img loading=\"lazy\" decoding=\"async\" width=\"1024\" height=\"576\" src=\"https:\/\/radiostudiow.com.br\/site\/wp-content\/uploads\/2024\/04\/WhatsApp-Image-2024-04-26-at-08.31.52-1-1024x576.jpeg\" alt=\"\" class=\"wp-image-21955\" srcset=\"https:\/\/radiostudiow.com.br\/site\/wp-content\/uploads\/2024\/04\/WhatsApp-Image-2024-04-26-at-08.31.52-1-1024x576.jpeg 1024w, https:\/\/radiostudiow.com.br\/site\/wp-content\/uploads\/2024\/04\/WhatsApp-Image-2024-04-26-at-08.31.52-1-300x169.jpeg 300w, https:\/\/radiostudiow.com.br\/site\/wp-content\/uploads\/2024\/04\/WhatsApp-Image-2024-04-26-at-08.31.52-1-768x432.jpeg 768w, https:\/\/radiostudiow.com.br\/site\/wp-content\/uploads\/2024\/04\/WhatsApp-Image-2024-04-26-at-08.31.52-1-1536x864.jpeg 1536w, https:\/\/radiostudiow.com.br\/site\/wp-content\/uploads\/2024\/04\/WhatsApp-Image-2024-04-26-at-08.31.52-1.jpeg 1600w\" sizes=\"auto, (max-width: 1024px) 100vw, 1024px\" \/><\/figure>\n\n\n\n<figure class=\"wp-block-video\"><video controls src=\"https:\/\/radiostudiow.com.br\/site\/wp-content\/uploads\/2024\/04\/WhatsApp-Video-2024-04-26-at-07.34.45-1.mp4\"><\/video><\/figure>\n","protected":false},"excerpt":{"rendered":"<p>Motorista de carreta com placas de Conc\u00f3rdia, perdeu o controle da dire\u00e7\u00e3o e acabou sa\u00eddo da pista, ficado parado na canaleta ao lado do Km 478 da BR-153, em Anta Gorda Porto Vit\u00f3ria por volta das 5 hoeas desta sexta-feira (26). A equipe de bombeiros comunit\u00e1rios da Defesa Civil de General Carneiro atenderam a ocorr\u00eancia [&hellip;]<\/p>\n","protected":false},"author":2,"featured_media":21954,"comment_status":"open","ping_status":"open","sticky":false,"template":"","format":"standard","meta":{"footnotes":""},"categories":[2],"tags":[172],"class_list":["post-21953","post","type-post","status-publish","format-standard","has-post-thumbnail","hentry","category-policial","tag-featured"],"amp_enabled":true,"_links":{"self":[{"href":"https:\/\/radiostudiow.com.br\/site\/wp-json\/wp\/v2\/posts\/21953","targetHints":{"allow":["GET"]}}],"collection":[{"href":"https:\/\/radiostudiow.com.br\/site\/wp-json\/wp\/v2\/posts"}],"about":[{"href":"https:\/\/radiostudiow.com.br\/site\/wp-json\/wp\/v2\/types\/post"}],"author":[{"embeddable":true,"href":"https:\/\/radiostudiow.com.br\/site\/wp-json\/wp\/v2\/users\/2"}],"replies":[{"embeddable":true,"href":"https:\/\/radiostudiow.com.br\/site\/wp-json\/wp\/v2\/comments?post=21953"}],"version-history":[{"count":4,"href":"https:\/\/radiostudiow.com.br\/site\/wp-json\/wp\/v2\/posts\/21953\/revisions"}],"predecessor-version":[{"id":21974,"href":"https:\/\/radiostudiow.com.br\/site\/wp-json\/wp\/v2\/posts\/21953\/revisions\/21974"}],"wp:featuredmedia":[{"embeddable":true,"href":"https:\/\/radiostudiow.com.br\/site\/wp-json\/wp\/v2\/media\/21954"}],"wp:attachment":[{"href":"https:\/\/radiostudiow.com.br\/site\/wp-json\/wp\/v2\/media?parent=21953"}],"wp:term":[{"taxonomy":"category","embeddable":true,"href":"https:\/\/radiostudiow.com.br\/site\/wp-json\/wp\/v2\/categories?post=21953"},{"taxonomy":"post_tag","embeddable":true,"href":"https:\/\/radiostudiow.com.br\/site\/wp-json\/wp\/v2\/tags?post=21953"}],"curies":[{"name":"wp","href":"https:\/\/api.w.org\/{rel}","templated":true}]}}