{"id":21982,"date":"2024-04-27T09:17:28","date_gmt":"2024-04-27T12:17:28","guid":{"rendered":"https:\/\/radiostudiow.com.br\/site\/?p=21982"},"modified":"2025-01-31T14:59:24","modified_gmt":"2025-01-31T17:59:24","slug":"selecao-sub-16-de-mallet-inicia-sua-jornada-no-4o-parana-bom-de-bola-com-uma-vitoria-vibrante-contra-uniao-da-vitoria","status":"publish","type":"post","link":"https:\/\/radiostudiow.com.br\/site\/2024\/04\/27\/selecao-sub-16-de-mallet-inicia-sua-jornada-no-4o-parana-bom-de-bola-com-uma-vitoria-vibrante-contra-uniao-da-vitoria\/","title":{"rendered":"Sele\u00e7\u00e3o Sub-16 de Mallet inicia sua jornada no 4\u00ba Paran\u00e1 Bom de Bola com uma vit\u00f3ria vibrante contra Uni\u00e3o da Vit\u00f3ria"},"content":{"rendered":"\n<figure class=\"wp-block-image size-full\"><img decoding=\"async\" src=\"https:\/\/radiostudiow.com.br\/site\/wp-content\/uploads\/2024\/04\/SITE-MEDIO.png\" alt=\"\" class=\"wp-image-21854\"\/><\/figure>\n\n\n\n<p>Na emocionante abertura do 4\u00ba Paran\u00e1 Bom de Bola, sediado na cidade de Reserva do Igua\u00e7u, a sele\u00e7\u00e3o masculina sub-16 de Mallet brilhou em campo, conquistando uma vit\u00f3ria crucial sobre a fort\u00edssima equipe de Uni\u00e3o da Vit\u00f3ria.&nbsp;<\/p>\n\n\n\n<p>Sob a lideran\u00e7a do t\u00e9cnico Professor Gil, tamb\u00e9m conhecido como Gilmar Uniat, os jovens talentos da Escola de Futebol da Secretaria de Esportes de Mallet n\u00e3o decepcionaram, e com os gols de&nbsp; Mateus Machado e Jo\u00e3o Francisco Marciniak, Mallet venceu pelo placar de 2 a 1.<\/p>\n\n\n\n<p>Ap\u00f3s o apito final, o t\u00e9cnico Gil compartilhou suas impress\u00f5es sobre o desenrolar da partida e expressou suas expectativas para os pr\u00f3ximos confrontos.<\/p>\n\n\n\n<figure class=\"wp-block-video\"><video height=\"848\" style=\"aspect-ratio: 480 \/ 848;\" width=\"480\" controls src=\"https:\/\/radiostudiow.com.br\/site\/wp-content\/uploads\/2024\/04\/WhatsApp-Video-2024-04-26-at-18.56.42.mp4\"><\/video><\/figure>\n\n\n\n<p>Com um hist\u00f3rico de excel\u00eancia, \u00e9 not\u00f3rio o desejo ardente da sele\u00e7\u00e3o de Mallet em buscar o t\u00edtulo deste ano, especialmente ap\u00f3s conquistar o segundo lugar na edi\u00e7\u00e3o anterior do torneio, em 2023.<\/p>\n\n\n\n<p>Com o \u00edmpeto renovado e a determina\u00e7\u00e3o palp\u00e1vel, os jovens atletas de Mallet est\u00e3o determinados a n\u00e3o deixar escapar a oportunidade de se consagrarem campe\u00f5es neste ano.<\/p>\n\n\n\n<figure class=\"wp-block-image size-full\"><img loading=\"lazy\" decoding=\"async\" width=\"897\" height=\"204\" src=\"https:\/\/radiostudiow.com.br\/site\/wp-content\/uploads\/2024\/04\/image-38.png\" alt=\"\" class=\"wp-image-21308\" srcset=\"https:\/\/radiostudiow.com.br\/site\/wp-content\/uploads\/2024\/04\/image-38.png 897w, https:\/\/radiostudiow.com.br\/site\/wp-content\/uploads\/2024\/04\/image-38-300x68.png 300w, https:\/\/radiostudiow.com.br\/site\/wp-content\/uploads\/2024\/04\/image-38-768x175.png 768w\" sizes=\"auto, (max-width: 897px) 100vw, 897px\" \/><\/figure>\n\n\n\n<p>O pr\u00f3ximo desafio est\u00e1 marcado para amanh\u00e3, s\u00e1bado, \u00e0s 10:00 horas, contra a equipe de Goioxim. O time de Goioxim enfrentou uma derrota apertada na estreia, sofrendo um rev\u00e9s de 1 a 0 para os anfitri\u00f5es Reserva do Igua\u00e7u.<\/p>\n\n\n\n<p>Al\u00e9m disso, este confronto servir\u00e1 como uma pr\u00e9via do embate decisivo que ocorrer\u00e1 no domingo \u00e0s 08:30 horas, encerrando assim a primeira fase da competi\u00e7\u00e3o.<\/p>\n\n\n\n<p>&nbsp;Com o olhar fixo no objetivo final, a sele\u00e7\u00e3o de Mallet est\u00e1 pronta para demonstrar sua habilidade e determina\u00e7\u00e3o, alimentando a esperan\u00e7a de mais uma vit\u00f3ria que os leve um passo mais perto da gl\u00f3ria no 4\u00ba Paran\u00e1 Bom de Bola.<\/p>\n\n\n\n<figure class=\"wp-block-image size-full\"><img decoding=\"async\" src=\"https:\/\/radiostudiow.com.br\/site\/wp-content\/uploads\/2024\/04\/image-54.png\" alt=\"\" class=\"wp-image-21388\"\/><\/figure>\n\n\n\n<p>Atletas&nbsp; convocados para representar o munic\u00edpio&nbsp; de Mallet&nbsp; no 4\u2070 BOM DE BOLA PARAN\u00c1 2024:<\/p>\n\n\n\n<p>-DIOGO LUAN MEIRA RIBEIRO<\/p>\n\n\n\n<p>&#8211; ELIESER PAVELSKI DE MATOS&nbsp;<\/p>\n\n\n\n<p>-EMANUEL ALBERTO MAJEWSKI RODRIGUES&nbsp;<\/p>\n\n\n\n<p>-ERICK VINICIUS RAMOS GON\u00c7ALVES&nbsp;<\/p>\n\n\n\n<p>-GABRIEL ALVES DE SOUZA&nbsp;<\/p>\n\n\n\n<p>-GILBERTO WACHIWICZ&nbsp;<\/p>\n\n\n\n<p>-GUSTAVO POLAK&nbsp;<\/p>\n\n\n\n<p>-JEAN YAGO RIZZI&nbsp;<\/p>\n\n\n\n<p>-JO\u00c3O FRANCISCO MARCINIAK&nbsp;<\/p>\n\n\n\n<p>-KELVIN KAU\u00ca PRZYBYSZEWSKI&nbsp;<\/p>\n\n\n\n<p>-LUIZ HENRIQUE DUDA GOBI<\/p>\n\n\n\n<p>-MATEUS IZAKE MACHADO&nbsp;<\/p>\n\n\n\n<p>-MATHEUS ARIEL GREGORIO&nbsp;<\/p>\n\n\n\n<p>-MIGUEL ALEXANDRE RIBEIRO<\/p>\n\n\n\n<p>-MIGUEL AUGUSTO MACHADO&nbsp;<\/p>\n\n\n\n<p>-TALISON RUAN FEDEROVICZ&nbsp;<\/p>\n\n\n\n<p>-THIAGO ELOI FONTELES PAZ&nbsp;<\/p>\n\n\n\n<p>-UESLEI MATEUS SANTOS&nbsp;<\/p>\n\n\n\n<p>-VINICIUS DOS SANTOS SLIVINSKI&nbsp;<\/p>\n\n\n\n<p>-YURI GEOVANE ROS\u00c1RIO<\/p>\n\n\n\n<p><strong>T\u00e9cnico<\/strong><\/p>\n\n\n\n<p>PROFESSOR GILMAR UNIAT<\/p>\n\n\n\n<p><strong>Auxiliar-t\u00e9cnico&nbsp;<\/strong><\/p>\n\n\n\n<p>EDUARDO MIRANDA RATUSNIAK<\/p>\n\n\n\n<figure class=\"wp-block-image size-full\"><img loading=\"lazy\" decoding=\"async\" width=\"300\" height=\"180\" src=\"https:\/\/radiostudiow.com.br\/site\/wp-content\/uploads\/2024\/04\/SITE-PEQUENO-1.png\" alt=\"\" class=\"wp-image-21868\"\/><\/figure>\n\n\n\n<figure class=\"wp-block-image size-full\"><img loading=\"lazy\" decoding=\"async\" width=\"703\" height=\"361\" src=\"https:\/\/radiostudiow.com.br\/site\/wp-content\/uploads\/2024\/04\/01-6.jpeg\" alt=\"\" class=\"wp-image-21984\" srcset=\"https:\/\/radiostudiow.com.br\/site\/wp-content\/uploads\/2024\/04\/01-6.jpeg 703w, https:\/\/radiostudiow.com.br\/site\/wp-content\/uploads\/2024\/04\/01-6-300x154.jpeg 300w\" sizes=\"auto, (max-width: 703px) 100vw, 703px\" \/><\/figure>\n\n\n\n<figure class=\"wp-block-image size-large\"><img loading=\"lazy\" decoding=\"async\" width=\"1024\" height=\"768\" src=\"https:\/\/radiostudiow.com.br\/site\/wp-content\/uploads\/2024\/04\/04-3-1024x768.jpeg\" alt=\"\" class=\"wp-image-21985\" srcset=\"https:\/\/radiostudiow.com.br\/site\/wp-content\/uploads\/2024\/04\/04-3-1024x768.jpeg 1024w, https:\/\/radiostudiow.com.br\/site\/wp-content\/uploads\/2024\/04\/04-3-300x225.jpeg 300w, https:\/\/radiostudiow.com.br\/site\/wp-content\/uploads\/2024\/04\/04-3-768x576.jpeg 768w, https:\/\/radiostudiow.com.br\/site\/wp-content\/uploads\/2024\/04\/04-3-1536x1152.jpeg 1536w, https:\/\/radiostudiow.com.br\/site\/wp-content\/uploads\/2024\/04\/04-3.jpeg 1600w\" sizes=\"auto, (max-width: 1024px) 100vw, 1024px\" \/><\/figure>\n\n\n\n<figure class=\"wp-block-image size-large\"><img loading=\"lazy\" decoding=\"async\" width=\"1024\" height=\"768\" src=\"https:\/\/radiostudiow.com.br\/site\/wp-content\/uploads\/2024\/04\/05-2-1024x768.jpeg\" alt=\"\" class=\"wp-image-21987\" srcset=\"https:\/\/radiostudiow.com.br\/site\/wp-content\/uploads\/2024\/04\/05-2-1024x768.jpeg 1024w, https:\/\/radiostudiow.com.br\/site\/wp-content\/uploads\/2024\/04\/05-2-300x225.jpeg 300w, https:\/\/radiostudiow.com.br\/site\/wp-content\/uploads\/2024\/04\/05-2-768x576.jpeg 768w, https:\/\/radiostudiow.com.br\/site\/wp-content\/uploads\/2024\/04\/05-2.jpeg 1280w\" sizes=\"auto, (max-width: 1024px) 100vw, 1024px\" \/><\/figure>\n\n\n\n<figure class=\"wp-block-gallery has-nested-images columns-default is-cropped wp-block-gallery-1 is-layout-flex wp-block-gallery-is-layout-flex\">\n<figure class=\"wp-block-image size-large\"><img loading=\"lazy\" decoding=\"async\" width=\"768\" height=\"1024\" data-id=\"21995\" src=\"https:\/\/radiostudiow.com.br\/site\/wp-content\/uploads\/2024\/04\/06-4-768x1024.jpeg\" alt=\"\" class=\"wp-image-21995\" srcset=\"https:\/\/radiostudiow.com.br\/site\/wp-content\/uploads\/2024\/04\/06-4-768x1024.jpeg 768w, https:\/\/radiostudiow.com.br\/site\/wp-content\/uploads\/2024\/04\/06-4-225x300.jpeg 225w, https:\/\/radiostudiow.com.br\/site\/wp-content\/uploads\/2024\/04\/06-4-1152x1536.jpeg 1152w, https:\/\/radiostudiow.com.br\/site\/wp-content\/uploads\/2024\/04\/06-4.jpeg 1200w\" sizes=\"auto, (max-width: 768px) 100vw, 768px\" \/><\/figure>\n\n\n\n<figure class=\"wp-block-image size-large\"><img loading=\"lazy\" decoding=\"async\" width=\"768\" height=\"1024\" data-id=\"21994\" src=\"https:\/\/radiostudiow.com.br\/site\/wp-content\/uploads\/2024\/04\/08-2-768x1024.jpeg\" alt=\"\" class=\"wp-image-21994\" srcset=\"https:\/\/radiostudiow.com.br\/site\/wp-content\/uploads\/2024\/04\/08-2-768x1024.jpeg 768w, https:\/\/radiostudiow.com.br\/site\/wp-content\/uploads\/2024\/04\/08-2-225x300.jpeg 225w, https:\/\/radiostudiow.com.br\/site\/wp-content\/uploads\/2024\/04\/08-2-1152x1536.jpeg 1152w, https:\/\/radiostudiow.com.br\/site\/wp-content\/uploads\/2024\/04\/08-2.jpeg 1200w\" sizes=\"auto, (max-width: 768px) 100vw, 768px\" \/><\/figure>\n\n\n\n<figure class=\"wp-block-image size-large\"><img loading=\"lazy\" decoding=\"async\" width=\"768\" height=\"1024\" data-id=\"21992\" src=\"https:\/\/radiostudiow.com.br\/site\/wp-content\/uploads\/2024\/04\/07-3-768x1024.jpeg\" alt=\"\" class=\"wp-image-21992\" srcset=\"https:\/\/radiostudiow.com.br\/site\/wp-content\/uploads\/2024\/04\/07-3-768x1024.jpeg 768w, https:\/\/radiostudiow.com.br\/site\/wp-content\/uploads\/2024\/04\/07-3-225x300.jpeg 225w, https:\/\/radiostudiow.com.br\/site\/wp-content\/uploads\/2024\/04\/07-3-1152x1536.jpeg 1152w, https:\/\/radiostudiow.com.br\/site\/wp-content\/uploads\/2024\/04\/07-3.jpeg 1200w\" sizes=\"auto, (max-width: 768px) 100vw, 768px\" \/><\/figure>\n\n\n\n<figure class=\"wp-block-image size-large\"><img loading=\"lazy\" decoding=\"async\" width=\"768\" height=\"1024\" data-id=\"21993\" src=\"https:\/\/radiostudiow.com.br\/site\/wp-content\/uploads\/2024\/04\/03-7-768x1024.jpeg\" alt=\"\" class=\"wp-image-21993\" srcset=\"https:\/\/radiostudiow.com.br\/site\/wp-content\/uploads\/2024\/04\/03-7-768x1024.jpeg 768w, https:\/\/radiostudiow.com.br\/site\/wp-content\/uploads\/2024\/04\/03-7-225x300.jpeg 225w, https:\/\/radiostudiow.com.br\/site\/wp-content\/uploads\/2024\/04\/03-7-1152x1536.jpeg 1152w, https:\/\/radiostudiow.com.br\/site\/wp-content\/uploads\/2024\/04\/03-7.jpeg 1200w\" sizes=\"auto, (max-width: 768px) 100vw, 768px\" \/><\/figure>\n<\/figure>\n\n\n\n<figure class=\"wp-block-image size-large\"><img loading=\"lazy\" decoding=\"async\" width=\"1024\" height=\"768\" src=\"https:\/\/radiostudiow.com.br\/site\/wp-content\/uploads\/2024\/04\/02-5-1024x768.jpeg\" alt=\"\" class=\"wp-image-21990\" srcset=\"https:\/\/radiostudiow.com.br\/site\/wp-content\/uploads\/2024\/04\/02-5-1024x768.jpeg 1024w, https:\/\/radiostudiow.com.br\/site\/wp-content\/uploads\/2024\/04\/02-5-300x225.jpeg 300w, https:\/\/radiostudiow.com.br\/site\/wp-content\/uploads\/2024\/04\/02-5-768x576.jpeg 768w, https:\/\/radiostudiow.com.br\/site\/wp-content\/uploads\/2024\/04\/02-5-1536x1152.jpeg 1536w, https:\/\/radiostudiow.com.br\/site\/wp-content\/uploads\/2024\/04\/02-5.jpeg 1600w\" sizes=\"auto, (max-width: 1024px) 100vw, 1024px\" \/><\/figure>\n","protected":false},"excerpt":{"rendered":"<p>Na emocionante abertura do 4\u00ba Paran\u00e1 Bom de Bola, sediado na cidade de Reserva do Igua\u00e7u, a sele\u00e7\u00e3o masculina sub-16 de Mallet brilhou em campo, conquistando uma vit\u00f3ria crucial sobre a fort\u00edssima equipe de Uni\u00e3o da Vit\u00f3ria.&nbsp; Sob a lideran\u00e7a do t\u00e9cnico Professor Gil, tamb\u00e9m conhecido como Gilmar Uniat, os jovens talentos da Escola de [&hellip;]<\/p>\n","protected":false},"author":2,"featured_media":21983,"comment_status":"open","ping_status":"open","sticky":false,"template":"","format":"standard","meta":{"footnotes":""},"categories":[184],"tags":[172],"class_list":["post-21982","post","type-post","status-publish","format-standard","has-post-thumbnail","hentry","category-local","tag-featured"],"amp_enabled":true,"_links":{"self":[{"href":"https:\/\/radiostudiow.com.br\/site\/wp-json\/wp\/v2\/posts\/21982","targetHints":{"allow":["GET"]}}],"collection":[{"href":"https:\/\/radiostudiow.com.br\/site\/wp-json\/wp\/v2\/posts"}],"about":[{"href":"https:\/\/radiostudiow.com.br\/site\/wp-json\/wp\/v2\/types\/post"}],"author":[{"embeddable":true,"href":"https:\/\/radiostudiow.com.br\/site\/wp-json\/wp\/v2\/users\/2"}],"replies":[{"embeddable":true,"href":"https:\/\/radiostudiow.com.br\/site\/wp-json\/wp\/v2\/comments?post=21982"}],"version-history":[{"count":2,"href":"https:\/\/radiostudiow.com.br\/site\/wp-json\/wp\/v2\/posts\/21982\/revisions"}],"predecessor-version":[{"id":22003,"href":"https:\/\/radiostudiow.com.br\/site\/wp-json\/wp\/v2\/posts\/21982\/revisions\/22003"}],"wp:featuredmedia":[{"embeddable":true,"href":"https:\/\/radiostudiow.com.br\/site\/wp-json\/wp\/v2\/media\/21983"}],"wp:attachment":[{"href":"https:\/\/radiostudiow.com.br\/site\/wp-json\/wp\/v2\/media?parent=21982"}],"wp:term":[{"taxonomy":"category","embeddable":true,"href":"https:\/\/radiostudiow.com.br\/site\/wp-json\/wp\/v2\/categories?post=21982"},{"taxonomy":"post_tag","embeddable":true,"href":"https:\/\/radiostudiow.com.br\/site\/wp-json\/wp\/v2\/tags?post=21982"}],"curies":[{"name":"wp","href":"https:\/\/api.w.org\/{rel}","templated":true}]}}