{"id":21997,"date":"2024-04-27T09:19:44","date_gmt":"2024-04-27T12:19:44","guid":{"rendered":"https:\/\/radiostudiow.com.br\/site\/?p=21997"},"modified":"2025-01-31T14:59:24","modified_gmt":"2025-01-31T17:59:24","slug":"acidente-na-br-153-em-mallet-resulta-na-colisao-frontal-de-um-carro-em-um-caminhao-guincho-parado-e-suspeita-que-o-motorista-estava-embriagado","status":"publish","type":"post","link":"https:\/\/radiostudiow.com.br\/site\/2024\/04\/27\/acidente-na-br-153-em-mallet-resulta-na-colisao-frontal-de-um-carro-em-um-caminhao-guincho-parado-e-suspeita-que-o-motorista-estava-embriagado\/","title":{"rendered":"Acidente na BR-153 em Mallet resulta na colis\u00e3o frontal de um carro em um caminh\u00e3o guincho parado e suspeita que o motorista estava embriagado"},"content":{"rendered":"\n<p>Na noite da \u00faltima quinta-feira, dia 25 de abril, um acidente na BR-153, na cidade de Mallet, km 379+700 metros, chamou a aten\u00e7\u00e3o das autoridades locais. Por volta das 23h00, um Volkswagen\/Gol com placas do Mercosul, que seguia de Uni\u00e3o da Vit\u00f3ria para Ponta Grossa, acabou saindo da pista ap\u00f3s o condutor relatar ter sido fechado por um caminh\u00e3o. Felizmente, o incidente n\u00e3o resultou em v\u00edtimas.<\/p>\n\n\n\n<figure class=\"wp-block-image size-full\"><img loading=\"lazy\" decoding=\"async\" width=\"900\" height=\"408\" src=\"https:\/\/radiostudiow.com.br\/site\/wp-content\/uploads\/2024\/04\/image-21.png\" alt=\"\" class=\"wp-image-21214\" srcset=\"https:\/\/radiostudiow.com.br\/site\/wp-content\/uploads\/2024\/04\/image-21.png 900w, https:\/\/radiostudiow.com.br\/site\/wp-content\/uploads\/2024\/04\/image-21-300x136.png 300w, https:\/\/radiostudiow.com.br\/site\/wp-content\/uploads\/2024\/04\/image-21-768x348.png 768w\" sizes=\"auto, (max-width: 900px) 100vw, 900px\" \/><\/figure>\n\n\n\n<p>Contudo, a situa\u00e7\u00e3o tomou um novo rumo quando um guincho da cidade de Rio Azul foi chamado para retirar o ve\u00edculo acidentado por volta das 00h20, j\u00e1 da sexta-feira. Um FORD\/Fiesta com placas de Mallet, que seguia em dire\u00e7\u00e3o a Rio Azul.<\/p>\n\n\n\n<p>De acordo com o 2\u00b0 Sargento do Corpo de Bombeiros de Irati, respons\u00e1vel pelos Brigadistas Comunit\u00e1rios de Mallet, Joaquim Pacholok, foi ignorado toda a sinaliza\u00e7\u00e3o posta para a seguran\u00e7a de todos e o motorista mesmo assim colidiu frontalmente com o guincho.<\/p>\n\n\n\n<p>O choque resultou em uma v\u00edtima feminina com ferimentos leves, enquanto testemunhas afirmaram que o condutor do ve\u00edculo apresentava sinais vis\u00edveis de embriaguez. Os Bombeiros Comunit\u00e1rios prontamente atenderam a ocorr\u00eancia, mas o motorista recusou o atendimento e deixou o local.<\/p>\n\n\n\n<figure class=\"wp-block-image size-full\"><img loading=\"lazy\" decoding=\"async\" width=\"897\" height=\"204\" src=\"https:\/\/radiostudiow.com.br\/site\/wp-content\/uploads\/2024\/04\/image-51.png\" alt=\"\" class=\"wp-image-21370\" srcset=\"https:\/\/radiostudiow.com.br\/site\/wp-content\/uploads\/2024\/04\/image-51.png 897w, https:\/\/radiostudiow.com.br\/site\/wp-content\/uploads\/2024\/04\/image-51-300x68.png 300w, https:\/\/radiostudiow.com.br\/site\/wp-content\/uploads\/2024\/04\/image-51-768x175.png 768w\" sizes=\"auto, (max-width: 897px) 100vw, 897px\" \/><\/figure>\n","protected":false},"excerpt":{"rendered":"<p>Na noite da \u00faltima quinta-feira, dia 25 de abril, um acidente na BR-153, na cidade de Mallet, km 379+700 metros, chamou a aten\u00e7\u00e3o das autoridades locais. Por volta das 23h00, um Volkswagen\/Gol com placas do Mercosul, que seguia de Uni\u00e3o da Vit\u00f3ria para Ponta Grossa, acabou saindo da pista ap\u00f3s o condutor relatar ter sido [&hellip;]<\/p>\n","protected":false},"author":2,"featured_media":21998,"comment_status":"open","ping_status":"open","sticky":false,"template":"","format":"standard","meta":{"footnotes":""},"categories":[184],"tags":[172],"class_list":["post-21997","post","type-post","status-publish","format-standard","has-post-thumbnail","hentry","category-local","tag-featured"],"amp_enabled":true,"_links":{"self":[{"href":"https:\/\/radiostudiow.com.br\/site\/wp-json\/wp\/v2\/posts\/21997","targetHints":{"allow":["GET"]}}],"collection":[{"href":"https:\/\/radiostudiow.com.br\/site\/wp-json\/wp\/v2\/posts"}],"about":[{"href":"https:\/\/radiostudiow.com.br\/site\/wp-json\/wp\/v2\/types\/post"}],"author":[{"embeddable":true,"href":"https:\/\/radiostudiow.com.br\/site\/wp-json\/wp\/v2\/users\/2"}],"replies":[{"embeddable":true,"href":"https:\/\/radiostudiow.com.br\/site\/wp-json\/wp\/v2\/comments?post=21997"}],"version-history":[{"count":2,"href":"https:\/\/radiostudiow.com.br\/site\/wp-json\/wp\/v2\/posts\/21997\/revisions"}],"predecessor-version":[{"id":22009,"href":"https:\/\/radiostudiow.com.br\/site\/wp-json\/wp\/v2\/posts\/21997\/revisions\/22009"}],"wp:featuredmedia":[{"embeddable":true,"href":"https:\/\/radiostudiow.com.br\/site\/wp-json\/wp\/v2\/media\/21998"}],"wp:attachment":[{"href":"https:\/\/radiostudiow.com.br\/site\/wp-json\/wp\/v2\/media?parent=21997"}],"wp:term":[{"taxonomy":"category","embeddable":true,"href":"https:\/\/radiostudiow.com.br\/site\/wp-json\/wp\/v2\/categories?post=21997"},{"taxonomy":"post_tag","embeddable":true,"href":"https:\/\/radiostudiow.com.br\/site\/wp-json\/wp\/v2\/tags?post=21997"}],"curies":[{"name":"wp","href":"https:\/\/api.w.org\/{rel}","templated":true}]}}