{"id":22004,"date":"2024-04-27T09:30:33","date_gmt":"2024-04-27T12:30:33","guid":{"rendered":"https:\/\/radiostudiow.com.br\/site\/?p=22004"},"modified":"2025-01-31T14:59:24","modified_gmt":"2025-01-31T17:59:24","slug":"malletense-e-encontrado-morto-na-vila-pinheirinho-em-sao-mateus-do-sul","status":"publish","type":"post","link":"https:\/\/radiostudiow.com.br\/site\/2024\/04\/27\/malletense-e-encontrado-morto-na-vila-pinheirinho-em-sao-mateus-do-sul\/","title":{"rendered":"Malletense \u00e9 encontrado morto na Vila Pinheirinho em S\u00e3o Mateus do Sul"},"content":{"rendered":"\n<p>Autoridades de seguran\u00e7a foram acionadas na Vila Pinheirinho para atua\u00e7\u00e3o em que um homem foi encontrado morto na resid\u00eancia na manh\u00e3 desta sexta-feira (26).<\/p>\n\n\n\n<figure class=\"wp-block-image size-full\"><img decoding=\"async\" src=\"https:\/\/radiostudiow.com.br\/site\/wp-content\/uploads\/2024\/04\/image-58.png\" alt=\"\" class=\"wp-image-21416\"\/><\/figure>\n\n\n\n<p><br>No local o Corpo de Bombeiros constatou o \u00f3bito e acionou o Instituto M\u00e9dico Legal (IML), de Uni\u00e3o da Vit\u00f3ria, para atendimento \u00e0 ocorr\u00eancia. A v\u00edtima foi identificada como Fabiano Kasprzak, de 50 anos, um Malletense de Rio Claro do Sul.<br><em>A fam\u00edlia os nossos mais sinceros Votos de pesar.<br>Fonte: RDX<\/em><\/p>\n","protected":false},"excerpt":{"rendered":"<p>Autoridades de seguran\u00e7a foram acionadas na Vila Pinheirinho para atua\u00e7\u00e3o em que um homem foi encontrado morto na resid\u00eancia na manh\u00e3 desta sexta-feira (26). No local o Corpo de Bombeiros constatou o \u00f3bito e acionou o Instituto M\u00e9dico Legal (IML), de Uni\u00e3o da Vit\u00f3ria, para atendimento \u00e0 ocorr\u00eancia. A v\u00edtima foi identificada como Fabiano Kasprzak, [&hellip;]<\/p>\n","protected":false},"author":2,"featured_media":22011,"comment_status":"open","ping_status":"open","sticky":false,"template":"","format":"standard","meta":{"footnotes":""},"categories":[185],"tags":[172],"class_list":["post-22004","post","type-post","status-publish","format-standard","has-post-thumbnail","hentry","category-regional","tag-featured"],"amp_enabled":true,"_links":{"self":[{"href":"https:\/\/radiostudiow.com.br\/site\/wp-json\/wp\/v2\/posts\/22004","targetHints":{"allow":["GET"]}}],"collection":[{"href":"https:\/\/radiostudiow.com.br\/site\/wp-json\/wp\/v2\/posts"}],"about":[{"href":"https:\/\/radiostudiow.com.br\/site\/wp-json\/wp\/v2\/types\/post"}],"author":[{"embeddable":true,"href":"https:\/\/radiostudiow.com.br\/site\/wp-json\/wp\/v2\/users\/2"}],"replies":[{"embeddable":true,"href":"https:\/\/radiostudiow.com.br\/site\/wp-json\/wp\/v2\/comments?post=22004"}],"version-history":[{"count":1,"href":"https:\/\/radiostudiow.com.br\/site\/wp-json\/wp\/v2\/posts\/22004\/revisions"}],"predecessor-version":[{"id":22005,"href":"https:\/\/radiostudiow.com.br\/site\/wp-json\/wp\/v2\/posts\/22004\/revisions\/22005"}],"wp:featuredmedia":[{"embeddable":true,"href":"https:\/\/radiostudiow.com.br\/site\/wp-json\/wp\/v2\/media\/22011"}],"wp:attachment":[{"href":"https:\/\/radiostudiow.com.br\/site\/wp-json\/wp\/v2\/media?parent=22004"}],"wp:term":[{"taxonomy":"category","embeddable":true,"href":"https:\/\/radiostudiow.com.br\/site\/wp-json\/wp\/v2\/categories?post=22004"},{"taxonomy":"post_tag","embeddable":true,"href":"https:\/\/radiostudiow.com.br\/site\/wp-json\/wp\/v2\/tags?post=22004"}],"curies":[{"name":"wp","href":"https:\/\/api.w.org\/{rel}","templated":true}]}}