{"id":22013,"date":"2024-04-27T11:37:41","date_gmt":"2024-04-27T14:37:41","guid":{"rendered":"https:\/\/radiostudiow.com.br\/site\/?p=22013"},"modified":"2025-01-31T14:59:24","modified_gmt":"2025-01-31T17:59:24","slug":"sicredi-centro-sul-pr-sc-rj-celebra-sucesso-das-assembleias-com-a-aumento-expressivo-de-associados","status":"publish","type":"post","link":"https:\/\/radiostudiow.com.br\/site\/2024\/04\/27\/sicredi-centro-sul-pr-sc-rj-celebra-sucesso-das-assembleias-com-a-aumento-expressivo-de-associados\/","title":{"rendered":"Sicredi Centro Sul PR\/SC\/RJ celebra sucesso das assembleias com a aumento expressivo de associados"},"content":{"rendered":"\n<p><em>Crescimento de 47% nos \u00faltimos quatro anos destaca-se entre os resultados<\/em><\/p>\n\n\n\n<figure class=\"wp-block-image size-full\"><img loading=\"lazy\" decoding=\"async\" width=\"897\" height=\"204\" src=\"https:\/\/radiostudiow.com.br\/site\/wp-content\/uploads\/2024\/04\/image-37.png\" alt=\"\" class=\"wp-image-21305\" srcset=\"https:\/\/radiostudiow.com.br\/site\/wp-content\/uploads\/2024\/04\/image-37.png 897w, https:\/\/radiostudiow.com.br\/site\/wp-content\/uploads\/2024\/04\/image-37-300x68.png 300w, https:\/\/radiostudiow.com.br\/site\/wp-content\/uploads\/2024\/04\/image-37-768x175.png 768w\" sizes=\"auto, (max-width: 897px) 100vw, 897px\" \/><\/figure>\n\n\n\n<p>Em mar\u00e7o, a\u00a0Sicredi Centro Sul PR\/SC\/RJ\u00a0concluiu seu ciclo de Assembleias de N\u00facleo, marcando o t\u00e9rmino de uma fase importante para suas ag\u00eancias. Integrante do Sistema Sicredi &#8211; uma institui\u00e7\u00e3o financeira cooperativa com 120 anos dedicados \u00e0 prosperidade financeira de seus associados, abrangendo todo o territ\u00f3rio nacional -, a Sicredi Centro Sul PR\/SC\/RJ realizou 29 encontros em 71 munic\u00edpios dentro de sua \u00e1rea de atua\u00e7\u00e3o. Esse per\u00edodo de reuni\u00f5es evidenciou um crescimento de 47% no n\u00famero de associados em compara\u00e7\u00e3o aos \u00faltimos tr\u00eas anos.<\/p>\n\n\n\n<div class=\"wp-block-media-text is-stacked-on-mobile\" style=\"grid-template-columns:24% auto\"><figure class=\"wp-block-media-text__media\"><img loading=\"lazy\" decoding=\"async\" width=\"684\" height=\"1024\" src=\"https:\/\/radiostudiow.com.br\/site\/wp-content\/uploads\/2024\/04\/Santo-Cappellari-Presidente-684x1024.jpg\" alt=\"\" class=\"wp-image-21898 size-full\" srcset=\"https:\/\/radiostudiow.com.br\/site\/wp-content\/uploads\/2024\/04\/Santo-Cappellari-Presidente-684x1024.jpg 684w, https:\/\/radiostudiow.com.br\/site\/wp-content\/uploads\/2024\/04\/Santo-Cappellari-Presidente-200x300.jpg 200w, https:\/\/radiostudiow.com.br\/site\/wp-content\/uploads\/2024\/04\/Santo-Cappellari-Presidente-768x1151.jpg 768w, https:\/\/radiostudiow.com.br\/site\/wp-content\/uploads\/2024\/04\/Santo-Cappellari-Presidente-1025x1536.jpg 1025w, https:\/\/radiostudiow.com.br\/site\/wp-content\/uploads\/2024\/04\/Santo-Cappellari-Presidente-1367x2048.jpg 1367w, https:\/\/radiostudiow.com.br\/site\/wp-content\/uploads\/2024\/04\/Santo-Cappellari-Presidente-scaled.jpg 1709w\" sizes=\"auto, (max-width: 684px) 100vw, 684px\" \/><\/figure><div class=\"wp-block-media-text__content\">\n<p>Santo Cappellari, Presidente da Sicredi Centro Sul PR\/SC\/RJ<\/p>\n<\/div><\/div>\n\n\n\n<p>Segundo o presidente da Sicredi Centro Sul PR\/SC\/RJ, Santo Cappellari, \u201cas assembleias representam o \u00e1pice da participa\u00e7\u00e3o dos associados, refletindo um dos principais valores do Sicredi: a transpar\u00eancia na gest\u00e3o\u201d. Neste ano, tivemos mais de 10 mil participantes nos eventos, promovendo uma conex\u00e3o mais estreita com a administra\u00e7\u00e3o da cooperativa. Atualmente, a Sicredi Centro Sul conta com mais de 60 mil associados, operando por meio de 30 ag\u00eancias.<\/p>\n\n\n\n<p>O ano de 2023 foi conclu\u00eddo com resultados expressivos, totalizando R$ 57,9 milh\u00f5es em resultados, R$ 3,1 bilh\u00f5es em ativos e uma carteira de cr\u00e9dito de R$ 1,89 bilh\u00f5es. \u201cEsses avan\u00e7os refletem nosso modelo de neg\u00f3cios, focado na proximidade com as pessoas, tanto nas \u00e1reas urbanas, quanto rurais. Buscamos, por meio dos nossos produtos e servi\u00e7os e das iniciativas de responsabilidade social que promovemos, realizar nossa miss\u00e3o de contribuir para a constru\u00e7\u00e3o de uma sociedade mais pr\u00f3spera\u201d, enfatiza Cappellari.<\/p>\n\n\n\n<figure class=\"wp-block-image size-large\"><img loading=\"lazy\" decoding=\"async\" width=\"1024\" height=\"684\" src=\"https:\/\/radiostudiow.com.br\/site\/wp-content\/uploads\/2024\/04\/Assembleia-2024-138_Easy-Resize.com_-1024x684.jpg\" alt=\"\" class=\"wp-image-22015\" srcset=\"https:\/\/radiostudiow.com.br\/site\/wp-content\/uploads\/2024\/04\/Assembleia-2024-138_Easy-Resize.com_-1024x684.jpg 1024w, https:\/\/radiostudiow.com.br\/site\/wp-content\/uploads\/2024\/04\/Assembleia-2024-138_Easy-Resize.com_-300x200.jpg 300w, https:\/\/radiostudiow.com.br\/site\/wp-content\/uploads\/2024\/04\/Assembleia-2024-138_Easy-Resize.com_-768x513.jpg 768w, https:\/\/radiostudiow.com.br\/site\/wp-content\/uploads\/2024\/04\/Assembleia-2024-138_Easy-Resize.com_.jpg 1280w\" sizes=\"auto, (max-width: 1024px) 100vw, 1024px\" \/><\/figure>\n\n\n\n<p>A Sicredi Centro Sul PR\/SC\/RJ encerrou o ciclo das assembleias no dia 6 de abril com a realiza\u00e7\u00e3o da Assembleia Geral Ordin\u00e1ria (AGO) em Prudent\u00f3polis\/PR, com a presen\u00e7a dos gerentes e Coordenadores de N\u00facleo da Cooperativa. Este evento marca o ponto alto do processo, quando as decis\u00f5es tomadas pelos associados nas Assembleias de N\u00facleo s\u00e3o apresentadas e homologadas na AGO.<\/p>\n\n\n\n<p><strong>Elei\u00e7\u00e3o do Conselho Fiscal<\/strong><\/p>\n\n\n\n<figure class=\"wp-block-gallery has-nested-images columns-default is-cropped wp-block-gallery-1 is-layout-flex wp-block-gallery-is-layout-flex\">\n<figure class=\"wp-block-image size-large\"><img loading=\"lazy\" decoding=\"async\" width=\"1024\" height=\"682\" data-id=\"22017\" src=\"https:\/\/radiostudiow.com.br\/site\/wp-content\/uploads\/2024\/04\/Novo-Conselho-Fiscal_Easy-Resize.com_-1024x682.jpg\" alt=\"\" class=\"wp-image-22017\" srcset=\"https:\/\/radiostudiow.com.br\/site\/wp-content\/uploads\/2024\/04\/Novo-Conselho-Fiscal_Easy-Resize.com_-1024x682.jpg 1024w, https:\/\/radiostudiow.com.br\/site\/wp-content\/uploads\/2024\/04\/Novo-Conselho-Fiscal_Easy-Resize.com_-300x200.jpg 300w, https:\/\/radiostudiow.com.br\/site\/wp-content\/uploads\/2024\/04\/Novo-Conselho-Fiscal_Easy-Resize.com_-768x512.jpg 768w, https:\/\/radiostudiow.com.br\/site\/wp-content\/uploads\/2024\/04\/Novo-Conselho-Fiscal_Easy-Resize.com_.jpg 1280w\" sizes=\"auto, (max-width: 1024px) 100vw, 1024px\" \/><\/figure>\n<\/figure>\n\n\n\n<p>Em conformidade com a Lei Complementar n.\u00b0 196\/2022, que altera a LC n.\u00b0 130\/2009 e estabelece regulamenta\u00e7\u00f5es para o sistema de Cr\u00e9dito Cooperativo Brasileiro, a Sicredi Centro Sul PR\/SC\/RJ registrou o protocolo de inscri\u00e7\u00e3o de uma chapa \u00fanica para o Conselho Fiscal. Esta \u00e9 formada por Cleusimar Lazai (Conselheira Fiscal Efetiva), Jorge Antoneli (Conselheiro Fiscal Efetivo), Gilmar Pagnocelli (Conselheiro Fiscal Efetivo) e Luis Carlos Hubner (Conselheiro Fiscal Suplente).<\/p>\n\n\n\n<p><strong>40 anos de Sicredi Centro Sul PR\/SC\/RJ:\u00a0<\/strong><strong>uma jornada de<\/strong><strong>\u00a0crescimento e impacto positivo<\/strong><\/p>\n\n\n\n<figure class=\"wp-block-image size-large\"><img loading=\"lazy\" decoding=\"async\" width=\"1024\" height=\"684\" src=\"https:\/\/radiostudiow.com.br\/site\/wp-content\/uploads\/2024\/04\/Assembleia-2024-92_Easy-Resize.com_-1024x684.jpg\" alt=\"\" class=\"wp-image-22016\" srcset=\"https:\/\/radiostudiow.com.br\/site\/wp-content\/uploads\/2024\/04\/Assembleia-2024-92_Easy-Resize.com_-1024x684.jpg 1024w, https:\/\/radiostudiow.com.br\/site\/wp-content\/uploads\/2024\/04\/Assembleia-2024-92_Easy-Resize.com_-300x200.jpg 300w, https:\/\/radiostudiow.com.br\/site\/wp-content\/uploads\/2024\/04\/Assembleia-2024-92_Easy-Resize.com_-768x513.jpg 768w, https:\/\/radiostudiow.com.br\/site\/wp-content\/uploads\/2024\/04\/Assembleia-2024-92_Easy-Resize.com_.jpg 1280w\" sizes=\"auto, (max-width: 1024px) 100vw, 1024px\" \/><\/figure>\n\n\n\n<p>O presidente da cooperativa ainda destacou o anivers\u00e1rio de 40 anos da Sicredi Centro Sul PR\/SC\/RJ, ressaltando os expressivos resultados alcan\u00e7ados em 2023 e a perspectivas de expans\u00e3o com a abertura de novas ag\u00eancias nos estados onde a institui\u00e7\u00e3o financeira cooperativa, opera.\u00a0\u201cEm 2023, contribu\u00edmos com impactos econ\u00f4micos, sociais e ambientais relevantes para a vida de cada um de nossos associados e suas comunidades. Durante as assembleias, reiteramos nosso compromisso com a integridade das informa\u00e7\u00f5es, garantindo a transpar\u00eancia na apresenta\u00e7\u00e3o dos resultados\u201d, comemorou.<\/p>\n\n\n\n<p><strong>Promo\u00e7\u00e3o&nbsp;\u201cAnivers\u00e1rio Premiado\u201d<\/strong><\/p>\n\n\n\n<p>Nas&nbsp;assembleias, foi lan\u00e7ada a campanha&nbsp;<a href=\"https:\/\/sicredicentrosulprscrj.com.br\/\" target=\"_blank\" rel=\"noreferrer noopener\">Anivers\u00e1rio Premiado<\/a>, celebrando os 40 anos da cooperativa com a distribui\u00e7\u00e3o&nbsp;de&nbsp;mais de 2 milh\u00f5es de reais em pr\u00eamios aos associados.<\/p>\n\n\n\n<p>Ao utilizar os servi\u00e7os\u00a0financeiros\u00a0participantes, os associados recebem cupons para concorrer a grandes pr\u00eamios como 1 caminhonete Ford Ranger, 1 Toyota Corolla, 1 Chevrolet Tracker e 30 motos Yamaha. Ainda, h\u00e1 a chance de ganhar mais de 20 mil pr\u00eamios\u00a0instant\u00e2neos, incluindo\u00a0malas de viagem, espetos de churrasco, caixas t\u00e9rmicas, caixa de som Jbl, guarda-s\u00f3is e\u00a0outros, por meio de \u201craspadinhas\u201d.<\/p>\n\n\n\n<figure class=\"wp-block-image size-large\"><img decoding=\"async\" src=\"https:\/\/radiostudiow.com.br\/site\/wp-content\/uploads\/2024\/04\/PP-thumb-banner-miniatura1920x1080-1024x576.jpg\" alt=\"\" class=\"wp-image-22019\"\/><\/figure>\n\n\n\n<p>Para participar, basta que os\u00a0associados escolham qualquer uma das op\u00e7\u00f5es de investimentos\u00a0dispon\u00edveis, como adquirir uma carta de cons\u00f3rcio para planejamento de compra futura, contratar seguros de vida, autom\u00f3vel, resid\u00eancia ou maquin\u00e1rio, ou ainda solicitar um cr\u00e9dito para projetos pessoais ou empresariais. Os poupadores tamb\u00e9m t\u00eam a oportunidade de participar, investindo a partir de R$ 300,00.<\/p>\n\n\n\n<p><strong>Relat\u00f3rio Anual 2023<\/strong><\/p>\n\n\n\n<p>Para conferir o relat\u00f3rio do ano de 2023, acesse o canal oficial&nbsp;<a href=\"http:\/\/youtube.com.br\/sicrediCentroSulPRSCRJ\" target=\"_blank\" rel=\"noreferrer noopener\">youtube.com.br\/sicrediCentroSulPRSCRJ<\/a><\/p>\n\n\n\n<figure class=\"wp-block-image size-large\"><img loading=\"lazy\" decoding=\"async\" width=\"1024\" height=\"684\" src=\"https:\/\/radiostudiow.com.br\/site\/wp-content\/uploads\/2024\/04\/Assembleia-Geral_Easy-Resize.com_-1-1024x684.jpg\" alt=\"\" class=\"wp-image-22018\" srcset=\"https:\/\/radiostudiow.com.br\/site\/wp-content\/uploads\/2024\/04\/Assembleia-Geral_Easy-Resize.com_-1-1024x684.jpg 1024w, https:\/\/radiostudiow.com.br\/site\/wp-content\/uploads\/2024\/04\/Assembleia-Geral_Easy-Resize.com_-1-300x200.jpg 300w, https:\/\/radiostudiow.com.br\/site\/wp-content\/uploads\/2024\/04\/Assembleia-Geral_Easy-Resize.com_-1-768x513.jpg 768w, https:\/\/radiostudiow.com.br\/site\/wp-content\/uploads\/2024\/04\/Assembleia-Geral_Easy-Resize.com_-1.jpg 1280w\" sizes=\"auto, (max-width: 1024px) 100vw, 1024px\" \/><\/figure>\n\n\n\n<p><strong>Sobre o Sicredi<\/strong><\/p>\n\n\n\n<p>O Sicredi \u00e9 uma institui\u00e7\u00e3o financeira cooperativa comprometida com o crescimento de seus associados e com o desenvolvimento das regi\u00f5es onde atua. Possui um modelo de gest\u00e3o que valoriza a participa\u00e7\u00e3o dos mais de 7,5 milh\u00f5es de associados, que exercem o papel de donos do neg\u00f3cio. Com mais de 2.700 ag\u00eancias, o Sicredi est\u00e1 presente fisicamente em todos os estados brasileiros e no Distrito Federal, disponibilizando uma gama completa de solu\u00e7\u00f5es financeiras e n\u00e3o financeiras.<\/p>\n\n\n\n<p>Site do Sicredi:<a href=\"http:\/\/www.sicredi.com.br\/coop\/centrosulprscrj\" target=\"_blank\" rel=\"noreferrer noopener\">&nbsp;Clique aqui<\/a><\/p>\n\n\n\n<figure class=\"wp-block-image size-full\"><img decoding=\"async\" src=\"https:\/\/radiostudiow.com.br\/site\/wp-content\/uploads\/2024\/04\/image-45.png\" alt=\"\" class=\"wp-image-21394\"\/><\/figure>\n","protected":false},"excerpt":{"rendered":"<p>Crescimento de 47% nos \u00faltimos quatro anos destaca-se entre os resultados Em mar\u00e7o, a\u00a0Sicredi Centro Sul PR\/SC\/RJ\u00a0concluiu seu ciclo de Assembleias de N\u00facleo, marcando o t\u00e9rmino de uma fase importante para suas ag\u00eancias. Integrante do Sistema Sicredi &#8211; uma institui\u00e7\u00e3o financeira cooperativa com 120 anos dedicados \u00e0 prosperidade financeira de seus associados, abrangendo todo o [&hellip;]<\/p>\n","protected":false},"author":2,"featured_media":22014,"comment_status":"open","ping_status":"open","sticky":false,"template":"","format":"standard","meta":{"footnotes":""},"categories":[7],"tags":[172],"class_list":["post-22013","post","type-post","status-publish","format-standard","has-post-thumbnail","hentry","category-geral","tag-featured"],"amp_enabled":true,"_links":{"self":[{"href":"https:\/\/radiostudiow.com.br\/site\/wp-json\/wp\/v2\/posts\/22013","targetHints":{"allow":["GET"]}}],"collection":[{"href":"https:\/\/radiostudiow.com.br\/site\/wp-json\/wp\/v2\/posts"}],"about":[{"href":"https:\/\/radiostudiow.com.br\/site\/wp-json\/wp\/v2\/types\/post"}],"author":[{"embeddable":true,"href":"https:\/\/radiostudiow.com.br\/site\/wp-json\/wp\/v2\/users\/2"}],"replies":[{"embeddable":true,"href":"https:\/\/radiostudiow.com.br\/site\/wp-json\/wp\/v2\/comments?post=22013"}],"version-history":[{"count":1,"href":"https:\/\/radiostudiow.com.br\/site\/wp-json\/wp\/v2\/posts\/22013\/revisions"}],"predecessor-version":[{"id":22020,"href":"https:\/\/radiostudiow.com.br\/site\/wp-json\/wp\/v2\/posts\/22013\/revisions\/22020"}],"wp:featuredmedia":[{"embeddable":true,"href":"https:\/\/radiostudiow.com.br\/site\/wp-json\/wp\/v2\/media\/22014"}],"wp:attachment":[{"href":"https:\/\/radiostudiow.com.br\/site\/wp-json\/wp\/v2\/media?parent=22013"}],"wp:term":[{"taxonomy":"category","embeddable":true,"href":"https:\/\/radiostudiow.com.br\/site\/wp-json\/wp\/v2\/categories?post=22013"},{"taxonomy":"post_tag","embeddable":true,"href":"https:\/\/radiostudiow.com.br\/site\/wp-json\/wp\/v2\/tags?post=22013"}],"curies":[{"name":"wp","href":"https:\/\/api.w.org\/{rel}","templated":true}]}}