{"id":22022,"date":"2024-04-27T12:13:36","date_gmt":"2024-04-27T15:13:36","guid":{"rendered":"https:\/\/radiostudiow.com.br\/site\/?p=22022"},"modified":"2025-01-31T14:59:24","modified_gmt":"2025-01-31T17:59:24","slug":"homem-e-detido-apos-ameacar-vitima-com-arma-de-fogo","status":"publish","type":"post","link":"https:\/\/radiostudiow.com.br\/site\/2024\/04\/27\/homem-e-detido-apos-ameacar-vitima-com-arma-de-fogo\/","title":{"rendered":"Homem \u00e9 detido ap\u00f3s amea\u00e7ar v\u00edtima com arma de fogo"},"content":{"rendered":"\n<p>A equipe da Pol\u00edcia Militar de Uni\u00e3o da Vit\u00f3ria foi acionada para atender a uma situa\u00e7\u00e3o de amea\u00e7a no bairro Bom Jesus. Segundo relato da v\u00edtima, um indiv\u00edduo a amea\u00e7ou, apontando-lhe uma arma de fogo a tarde desta sexta-feira (26).<\/p>\n\n\n\n<figure class=\"wp-block-image size-full\"><img loading=\"lazy\" decoding=\"async\" width=\"590\" height=\"204\" src=\"https:\/\/radiostudiow.com.br\/site\/wp-content\/uploads\/2024\/04\/image-27.png\" alt=\"\" class=\"wp-image-21280\" srcset=\"https:\/\/radiostudiow.com.br\/site\/wp-content\/uploads\/2024\/04\/image-27.png 590w, https:\/\/radiostudiow.com.br\/site\/wp-content\/uploads\/2024\/04\/image-27-300x104.png 300w\" sizes=\"auto, (max-width: 590px) 100vw, 590px\" \/><\/figure>\n\n\n\n<p>Ap\u00f3s dilig\u00eancias, os policiais localizaram um ve\u00edculo cujas caracter\u00edsticas coincidiam com as informadas pela v\u00edtima, sendo este o suposto ve\u00edculo do autor das amea\u00e7as.\u00a0Ao dar voz de abordagem ao condutor do ve\u00edculo, este desobedeceu \u00e0s ordens das equipes policiais e as desacatou.<\/p>\n\n\n\n<p>A coopera\u00e7\u00e3o do autor s\u00f3 foi obtida ap\u00f3s a chegada de mais equipes policiais ao local. Ap\u00f3s uma busca pessoal, nada de il\u00edcito foi encontrado com o autor. No entanto, durante a revista veicular, foi encontrado um rev\u00f3lver calibre .32, cuja consulta ao sistema revelou que o registro estava vencido.<\/p>\n\n\n\n<figure class=\"wp-block-image size-full\"><img loading=\"lazy\" decoding=\"async\" width=\"598\" height=\"204\" src=\"https:\/\/radiostudiow.com.br\/site\/wp-content\/uploads\/2024\/04\/image-39.png\" alt=\"\" class=\"wp-image-21311\" srcset=\"https:\/\/radiostudiow.com.br\/site\/wp-content\/uploads\/2024\/04\/image-39.png 598w, https:\/\/radiostudiow.com.br\/site\/wp-content\/uploads\/2024\/04\/image-39-300x102.png 300w\" sizes=\"auto, (max-width: 598px) 100vw, 598px\" \/><\/figure>\n\n\n\n<p>Ao ser informado sobre a pris\u00e3o e na ocasi\u00e3o da apreens\u00e3o da arma, o suspeito resistiu ativamente \u00e0 ordem de pris\u00e3o, tentando desvencilhar-se do algemamento, al\u00e9m de empurrar e chutar os policiais presentes. Diante da resist\u00eancia, foram utilizadas t\u00e9cnicas de imobiliza\u00e7\u00e3o e o uso progressivo da for\u00e7a para cont\u00ea-lo.<\/p>\n\n\n\n<p>Ambas as partes envolvidas foram conduzidas \u00e0 4\u00aa SDP para os procedimentos legais cab\u00edveis.<\/p>\n","protected":false},"excerpt":{"rendered":"<p>A equipe da Pol\u00edcia Militar de Uni\u00e3o da Vit\u00f3ria foi acionada para atender a uma situa\u00e7\u00e3o de amea\u00e7a no bairro Bom Jesus. Segundo relato da v\u00edtima, um indiv\u00edduo a amea\u00e7ou, apontando-lhe uma arma de fogo a tarde desta sexta-feira (26). Ap\u00f3s dilig\u00eancias, os policiais localizaram um ve\u00edculo cujas caracter\u00edsticas coincidiam com as informadas pela v\u00edtima, [&hellip;]<\/p>\n","protected":false},"author":2,"featured_media":0,"comment_status":"open","ping_status":"open","sticky":false,"template":"","format":"standard","meta":{"footnotes":""},"categories":[2],"tags":[172],"class_list":["post-22022","post","type-post","status-publish","format-standard","hentry","category-policial","tag-featured"],"amp_enabled":true,"_links":{"self":[{"href":"https:\/\/radiostudiow.com.br\/site\/wp-json\/wp\/v2\/posts\/22022","targetHints":{"allow":["GET"]}}],"collection":[{"href":"https:\/\/radiostudiow.com.br\/site\/wp-json\/wp\/v2\/posts"}],"about":[{"href":"https:\/\/radiostudiow.com.br\/site\/wp-json\/wp\/v2\/types\/post"}],"author":[{"embeddable":true,"href":"https:\/\/radiostudiow.com.br\/site\/wp-json\/wp\/v2\/users\/2"}],"replies":[{"embeddable":true,"href":"https:\/\/radiostudiow.com.br\/site\/wp-json\/wp\/v2\/comments?post=22022"}],"version-history":[{"count":1,"href":"https:\/\/radiostudiow.com.br\/site\/wp-json\/wp\/v2\/posts\/22022\/revisions"}],"predecessor-version":[{"id":22023,"href":"https:\/\/radiostudiow.com.br\/site\/wp-json\/wp\/v2\/posts\/22022\/revisions\/22023"}],"wp:attachment":[{"href":"https:\/\/radiostudiow.com.br\/site\/wp-json\/wp\/v2\/media?parent=22022"}],"wp:term":[{"taxonomy":"category","embeddable":true,"href":"https:\/\/radiostudiow.com.br\/site\/wp-json\/wp\/v2\/categories?post=22022"},{"taxonomy":"post_tag","embeddable":true,"href":"https:\/\/radiostudiow.com.br\/site\/wp-json\/wp\/v2\/tags?post=22022"}],"curies":[{"name":"wp","href":"https:\/\/api.w.org\/{rel}","templated":true}]}}