{"id":22025,"date":"2024-04-29T09:26:32","date_gmt":"2024-04-29T12:26:32","guid":{"rendered":"https:\/\/radiostudiow.com.br\/site\/?p=22025"},"modified":"2025-01-31T14:59:24","modified_gmt":"2025-01-31T17:59:24","slug":"acidente-entre-carro-e-caminhao-deixa-uma-vitima-com-graves-ferimentos-na-br-153-em-rio-azul","status":"publish","type":"post","link":"https:\/\/radiostudiow.com.br\/site\/2024\/04\/29\/acidente-entre-carro-e-caminhao-deixa-uma-vitima-com-graves-ferimentos-na-br-153-em-rio-azul\/","title":{"rendered":"Acidente entre carro e caminh\u00e3o deixa uma v\u00edtima com graves ferimentos na BR-153 em Rio Azul"},"content":{"rendered":"\n<p>Caminh\u00e3o com placas de Mallet se envolve em acidente por volta das 18 horas deste domingo, 28 de abril, no KM 367 da BR-153, em Rio Azul. <\/p>\n\n\n\n<p>O acidente do tipo colis\u00e3o frontal, resultou em duas pessoas ilesas (os dois condutores) e uma v\u00edtima com ferimentos graves (passageiro).<\/p>\n\n\n\n<figure class=\"wp-block-image size-full\"><img decoding=\"async\" src=\"https:\/\/radiostudiow.com.br\/site\/wp-content\/uploads\/2024\/04\/SITE-MEDIO.png\" alt=\"\" class=\"wp-image-21854\"\/><\/figure>\n\n\n\n<p>Os ve\u00edculos envolvidosm um Gol de cor vermelha com placas de Rio Azul\/PR e um Caminh\u00e3o de cor branca com placas de Mallet\/PR.<\/p>\n\n\n\n<p>Os condutores envolvidos no acidente, masculinos de 38 e 34 anos, foram submetidos ao teste de etil\u00f4metro, sendo que o resultado do condutor do ve\u00edculo Gol foi de 1,37mg\/L de \u00e1lcool e o condutor do caminh\u00e3o teve resultado 0,0mg\/L de \u00e1lcool.<\/p>\n\n\n\n<figure class=\"wp-block-image size-full\"><img loading=\"lazy\" decoding=\"async\" width=\"897\" height=\"204\" src=\"https:\/\/radiostudiow.com.br\/site\/wp-content\/uploads\/2024\/04\/image-38.png\" alt=\"\" class=\"wp-image-21308\" srcset=\"https:\/\/radiostudiow.com.br\/site\/wp-content\/uploads\/2024\/04\/image-38.png 897w, https:\/\/radiostudiow.com.br\/site\/wp-content\/uploads\/2024\/04\/image-38-300x68.png 300w, https:\/\/radiostudiow.com.br\/site\/wp-content\/uploads\/2024\/04\/image-38-768x175.png 768w\" sizes=\"auto, (max-width: 897px) 100vw, 897px\" \/><\/figure>\n\n\n\n<p>Foi necess\u00e1rio realiza\u00e7\u00e3o de interdi\u00e7\u00e3o total da pista, nos dois sentidos, para remo\u00e7\u00e3o dos ve\u00edculos at\u00e9 as 20 horas e 30 minutos.<\/p>\n\n\n\n<p>O passageiro do ve\u00edculo Gol foi encaminhado ao hospital, enquanto o condutor foi encaminhado \u00e0 Pol\u00edcia.<\/p>\n\n\n\n<p>Fonte: Folha de Irati<\/p>\n","protected":false},"excerpt":{"rendered":"<p>Caminh\u00e3o com placas de Mallet se envolve em acidente por volta das 18 horas deste domingo, 28 de abril, no KM 367 da BR-153, em Rio Azul. O acidente do tipo colis\u00e3o frontal, resultou em duas pessoas ilesas (os dois condutores) e uma v\u00edtima com ferimentos graves (passageiro). Os ve\u00edculos envolvidosm um Gol de cor [&hellip;]<\/p>\n","protected":false},"author":2,"featured_media":22063,"comment_status":"open","ping_status":"open","sticky":false,"template":"","format":"standard","meta":{"footnotes":""},"categories":[185],"tags":[172],"class_list":["post-22025","post","type-post","status-publish","format-standard","has-post-thumbnail","hentry","category-regional","tag-featured"],"amp_enabled":true,"_links":{"self":[{"href":"https:\/\/radiostudiow.com.br\/site\/wp-json\/wp\/v2\/posts\/22025","targetHints":{"allow":["GET"]}}],"collection":[{"href":"https:\/\/radiostudiow.com.br\/site\/wp-json\/wp\/v2\/posts"}],"about":[{"href":"https:\/\/radiostudiow.com.br\/site\/wp-json\/wp\/v2\/types\/post"}],"author":[{"embeddable":true,"href":"https:\/\/radiostudiow.com.br\/site\/wp-json\/wp\/v2\/users\/2"}],"replies":[{"embeddable":true,"href":"https:\/\/radiostudiow.com.br\/site\/wp-json\/wp\/v2\/comments?post=22025"}],"version-history":[{"count":3,"href":"https:\/\/radiostudiow.com.br\/site\/wp-json\/wp\/v2\/posts\/22025\/revisions"}],"predecessor-version":[{"id":22064,"href":"https:\/\/radiostudiow.com.br\/site\/wp-json\/wp\/v2\/posts\/22025\/revisions\/22064"}],"wp:featuredmedia":[{"embeddable":true,"href":"https:\/\/radiostudiow.com.br\/site\/wp-json\/wp\/v2\/media\/22063"}],"wp:attachment":[{"href":"https:\/\/radiostudiow.com.br\/site\/wp-json\/wp\/v2\/media?parent=22025"}],"wp:term":[{"taxonomy":"category","embeddable":true,"href":"https:\/\/radiostudiow.com.br\/site\/wp-json\/wp\/v2\/categories?post=22025"},{"taxonomy":"post_tag","embeddable":true,"href":"https:\/\/radiostudiow.com.br\/site\/wp-json\/wp\/v2\/tags?post=22025"}],"curies":[{"name":"wp","href":"https:\/\/api.w.org\/{rel}","templated":true}]}}