{"id":22035,"date":"2024-04-29T09:59:19","date_gmt":"2024-04-29T12:59:19","guid":{"rendered":"https:\/\/radiostudiow.com.br\/site\/?p=22035"},"modified":"2025-01-31T14:59:24","modified_gmt":"2025-01-31T17:59:24","slug":"policia-civil-recaptura-foragido-da-cadeia-publica-de-sao-mateus-do-sul","status":"publish","type":"post","link":"https:\/\/radiostudiow.com.br\/site\/2024\/04\/29\/policia-civil-recaptura-foragido-da-cadeia-publica-de-sao-mateus-do-sul\/","title":{"rendered":"Pol\u00edcia Civil recaptura foragido da cadeia p\u00fablica de S\u00e3o Mateus do Sul"},"content":{"rendered":"\n<p><strong>Pol\u00edcia Civil recaptura foragido da cadeia p\u00fablica de S\u00e3o Mateus do Sul<\/strong><\/p>\n\n\n\n<p>Neste s\u00e1bado, 27 de abril, a equipe da Pol\u00edcia Civil do Paran\u00e1, por meio da Delegacia de S\u00e3o Jo\u00e3o do Triunfo e da 3\u00b0 Subdivis\u00e3o Policial de S\u00e3o Mateus do Sul, efetuaram recaptura de um homem que estava foragido da Cadeia P\u00fablica de S\u00e3o Mateus do Sul desde mar\u00e7o deste ano.<\/p>\n\n\n\n<figure class=\"wp-block-image size-full\"><img loading=\"lazy\" decoding=\"async\" width=\"897\" height=\"204\" src=\"https:\/\/radiostudiow.com.br\/site\/wp-content\/uploads\/2024\/04\/image-37.png\" alt=\"\" class=\"wp-image-21305\" srcset=\"https:\/\/radiostudiow.com.br\/site\/wp-content\/uploads\/2024\/04\/image-37.png 897w, https:\/\/radiostudiow.com.br\/site\/wp-content\/uploads\/2024\/04\/image-37-300x68.png 300w, https:\/\/radiostudiow.com.br\/site\/wp-content\/uploads\/2024\/04\/image-37-768x175.png 768w\" sizes=\"auto, (max-width: 897px) 100vw, 897px\" \/><\/figure>\n\n\n\n<p>Ap\u00f3s dilig\u00eancias investigativas, constatou-se que Gustavo Santos Leal 19 anos, natural de S\u00e3o Jo\u00e3o do Triunfo, estava trafegando pelas ruas de S\u00e3o Jo\u00e3o do Triunfo, quando foi abordado e preso pela PCPR.<\/p>\n\n\n\n<p>Um dos foragidos do Depen de S\u00e3o Mateus do Sul, Jefferson Brand\u00e3o, de 25 anos, foi recapturado em Ponta Grossa no dia 14 de mar\u00e7o. Ainda est\u00e3o foragidos Luiz Ant\u00f4nio Baginski dos Santos 22 anos, natural de S\u00e3o Jo\u00e3o do Triunfo e Laumir Jos\u00e9 Ven\u00e2ncio Vidal 36 anos, natural da Lapa.<\/p>\n\n\n\n<figure class=\"wp-block-image size-full\"><img decoding=\"async\" src=\"https:\/\/radiostudiow.com.br\/site\/wp-content\/uploads\/2024\/04\/image-11.png\" alt=\"\" class=\"wp-image-21624\"\/><\/figure>\n","protected":false},"excerpt":{"rendered":"<p>Pol\u00edcia Civil recaptura foragido da cadeia p\u00fablica de S\u00e3o Mateus do Sul Neste s\u00e1bado, 27 de abril, a equipe da Pol\u00edcia Civil do Paran\u00e1, por meio da Delegacia de S\u00e3o Jo\u00e3o do Triunfo e da 3\u00b0 Subdivis\u00e3o Policial de S\u00e3o Mateus do Sul, efetuaram recaptura de um homem que estava foragido da Cadeia P\u00fablica de [&hellip;]<\/p>\n","protected":false},"author":2,"featured_media":15868,"comment_status":"open","ping_status":"open","sticky":false,"template":"","format":"standard","meta":{"footnotes":""},"categories":[2],"tags":[172],"class_list":["post-22035","post","type-post","status-publish","format-standard","has-post-thumbnail","hentry","category-policial","tag-featured"],"amp_enabled":true,"_links":{"self":[{"href":"https:\/\/radiostudiow.com.br\/site\/wp-json\/wp\/v2\/posts\/22035","targetHints":{"allow":["GET"]}}],"collection":[{"href":"https:\/\/radiostudiow.com.br\/site\/wp-json\/wp\/v2\/posts"}],"about":[{"href":"https:\/\/radiostudiow.com.br\/site\/wp-json\/wp\/v2\/types\/post"}],"author":[{"embeddable":true,"href":"https:\/\/radiostudiow.com.br\/site\/wp-json\/wp\/v2\/users\/2"}],"replies":[{"embeddable":true,"href":"https:\/\/radiostudiow.com.br\/site\/wp-json\/wp\/v2\/comments?post=22035"}],"version-history":[{"count":3,"href":"https:\/\/radiostudiow.com.br\/site\/wp-json\/wp\/v2\/posts\/22035\/revisions"}],"predecessor-version":[{"id":22079,"href":"https:\/\/radiostudiow.com.br\/site\/wp-json\/wp\/v2\/posts\/22035\/revisions\/22079"}],"wp:featuredmedia":[{"embeddable":true,"href":"https:\/\/radiostudiow.com.br\/site\/wp-json\/wp\/v2\/media\/15868"}],"wp:attachment":[{"href":"https:\/\/radiostudiow.com.br\/site\/wp-json\/wp\/v2\/media?parent=22035"}],"wp:term":[{"taxonomy":"category","embeddable":true,"href":"https:\/\/radiostudiow.com.br\/site\/wp-json\/wp\/v2\/categories?post=22035"},{"taxonomy":"post_tag","embeddable":true,"href":"https:\/\/radiostudiow.com.br\/site\/wp-json\/wp\/v2\/tags?post=22035"}],"curies":[{"name":"wp","href":"https:\/\/api.w.org\/{rel}","templated":true}]}}