{"id":22037,"date":"2024-04-29T09:49:46","date_gmt":"2024-04-29T12:49:46","guid":{"rendered":"https:\/\/radiostudiow.com.br\/site\/?p=22037"},"modified":"2025-01-31T14:59:24","modified_gmt":"2025-01-31T17:59:24","slug":"tres-homens-morrem-em-acidente-na-prc-280-entre-general-carneiro-e-palmas","status":"publish","type":"post","link":"https:\/\/radiostudiow.com.br\/site\/2024\/04\/29\/tres-homens-morrem-em-acidente-na-prc-280-entre-general-carneiro-e-palmas\/","title":{"rendered":"Tr\u00eas homens morrem em acidente na PRC-280 entre General Carneiro e Palmas"},"content":{"rendered":"\n<p>O acidente envolveu um caminh\u00e3o Ford\/Cargo, com placa de Bela Vista da Caroba-PR, e um Ford\/Ka, registrado em S\u00e3o Jos\u00e9-SC no trajeto da PRC-280 na regi\u00e3o entre General Carneiro e Palmas deste domingo, (28).<\/p>\n\n\n\n<figure class=\"wp-block-image size-full\"><img decoding=\"async\" src=\"https:\/\/radiostudiow.com.br\/site\/wp-content\/uploads\/2024\/04\/image-55.png\" alt=\"\" class=\"wp-image-21389\"\/><\/figure>\n\n\n\n<p>Infelizmente, tr\u00eas homens morreram, e eles foram identificados como:\u00a0Andr\u00e9 Desengrini da Silva, Venoir Desengrini e Natanael, todos moradores de Amp\u00e9re (PR) que morreram na hora.\u00a0 O impacto foi t\u00e3o severo que os corpos ficaram dilacerados, espalhados \u00e0s margens da rodovia.<\/p>\n\n\n\n<p>O Instituto M\u00e9dico Legal (IML) de Pato Branco foi acionado para o recolhimento dos corpos. Equipes do Corpo de Bombeiros de General Carneiro, SAMU e Pol\u00edcia Rodovi\u00e1ria Estadual foram mobilizadas para prestar socorro e organizar a cena do acidente.<\/p>\n\n\n\n<figure class=\"wp-block-image size-full\"><img loading=\"lazy\" decoding=\"async\" width=\"598\" height=\"204\" src=\"https:\/\/radiostudiow.com.br\/site\/wp-content\/uploads\/2024\/04\/image-29.png\" alt=\"\" class=\"wp-image-21283\" srcset=\"https:\/\/radiostudiow.com.br\/site\/wp-content\/uploads\/2024\/04\/image-29.png 598w, https:\/\/radiostudiow.com.br\/site\/wp-content\/uploads\/2024\/04\/image-29-300x102.png 300w\" sizes=\"auto, (max-width: 598px) 100vw, 598px\" \/><\/figure>\n\n\n\n\n\n<figure class=\"wp-block-image size-large\"><img loading=\"lazy\" decoding=\"async\" width=\"1024\" height=\"461\" src=\"https:\/\/radiostudiow.com.br\/site\/wp-content\/uploads\/2024\/04\/440773447_1045691457224830_4202998262193607672_n-1024x461.jpg\" alt=\"\" class=\"wp-image-22038\" srcset=\"https:\/\/radiostudiow.com.br\/site\/wp-content\/uploads\/2024\/04\/440773447_1045691457224830_4202998262193607672_n-1024x461.jpg 1024w, https:\/\/radiostudiow.com.br\/site\/wp-content\/uploads\/2024\/04\/440773447_1045691457224830_4202998262193607672_n-300x135.jpg 300w, https:\/\/radiostudiow.com.br\/site\/wp-content\/uploads\/2024\/04\/440773447_1045691457224830_4202998262193607672_n-768x346.jpg 768w, https:\/\/radiostudiow.com.br\/site\/wp-content\/uploads\/2024\/04\/440773447_1045691457224830_4202998262193607672_n.jpg 1080w\" sizes=\"auto, (max-width: 1024px) 100vw, 1024px\" \/><\/figure>\n","protected":false},"excerpt":{"rendered":"<p>O acidente envolveu um caminh\u00e3o Ford\/Cargo, com placa de Bela Vista da Caroba-PR, e um Ford\/Ka, registrado em S\u00e3o Jos\u00e9-SC no trajeto da PRC-280 na regi\u00e3o entre General Carneiro e Palmas deste domingo, (28). Infelizmente, tr\u00eas homens morreram, e eles foram identificados como:\u00a0Andr\u00e9 Desengrini da Silva, Venoir Desengrini e Natanael, todos moradores de Amp\u00e9re (PR) [&hellip;]<\/p>\n","protected":false},"author":2,"featured_media":22039,"comment_status":"open","ping_status":"open","sticky":false,"template":"","format":"standard","meta":{"footnotes":""},"categories":[185],"tags":[172],"class_list":["post-22037","post","type-post","status-publish","format-standard","has-post-thumbnail","hentry","category-regional","tag-featured"],"amp_enabled":true,"_links":{"self":[{"href":"https:\/\/radiostudiow.com.br\/site\/wp-json\/wp\/v2\/posts\/22037","targetHints":{"allow":["GET"]}}],"collection":[{"href":"https:\/\/radiostudiow.com.br\/site\/wp-json\/wp\/v2\/posts"}],"about":[{"href":"https:\/\/radiostudiow.com.br\/site\/wp-json\/wp\/v2\/types\/post"}],"author":[{"embeddable":true,"href":"https:\/\/radiostudiow.com.br\/site\/wp-json\/wp\/v2\/users\/2"}],"replies":[{"embeddable":true,"href":"https:\/\/radiostudiow.com.br\/site\/wp-json\/wp\/v2\/comments?post=22037"}],"version-history":[{"count":3,"href":"https:\/\/radiostudiow.com.br\/site\/wp-json\/wp\/v2\/posts\/22037\/revisions"}],"predecessor-version":[{"id":22043,"href":"https:\/\/radiostudiow.com.br\/site\/wp-json\/wp\/v2\/posts\/22037\/revisions\/22043"}],"wp:featuredmedia":[{"embeddable":true,"href":"https:\/\/radiostudiow.com.br\/site\/wp-json\/wp\/v2\/media\/22039"}],"wp:attachment":[{"href":"https:\/\/radiostudiow.com.br\/site\/wp-json\/wp\/v2\/media?parent=22037"}],"wp:term":[{"taxonomy":"category","embeddable":true,"href":"https:\/\/radiostudiow.com.br\/site\/wp-json\/wp\/v2\/categories?post=22037"},{"taxonomy":"post_tag","embeddable":true,"href":"https:\/\/radiostudiow.com.br\/site\/wp-json\/wp\/v2\/tags?post=22037"}],"curies":[{"name":"wp","href":"https:\/\/api.w.org\/{rel}","templated":true}]}}