{"id":22049,"date":"2024-04-30T09:48:52","date_gmt":"2024-04-30T12:48:52","guid":{"rendered":"https:\/\/radiostudiow.com.br\/site\/?p=22049"},"modified":"2025-01-31T14:59:24","modified_gmt":"2025-01-31T17:59:24","slug":"pc-apreende-armas-e-realiza-prisoes-durante-operacao-que-investiga-tentativa-de-homicidio","status":"publish","type":"post","link":"https:\/\/radiostudiow.com.br\/site\/2024\/04\/30\/pc-apreende-armas-e-realiza-prisoes-durante-operacao-que-investiga-tentativa-de-homicidio\/","title":{"rendered":"PC apreende armas e realiza pris\u00f5es durante opera\u00e7\u00e3o que investiga tentativa de homic\u00eddio"},"content":{"rendered":"\n<p>A Pol\u00edcia Civil de Irati realizou a opera\u00e7\u00e3o \u201cOlho Por Olho\u201d na manh\u00e3 desta quinta-feira. Ela foi deflagrada em continuidade a investiga\u00e7\u00e3o de uma tentativa de homic\u00eddio registrada em novembro de 2023, quando um casal foi alvo de disparos de arma de fogo em uma resid\u00eancia.<\/p>\n\n\n\n<figure class=\"wp-block-image size-full\"><img loading=\"lazy\" decoding=\"async\" width=\"897\" height=\"204\" src=\"https:\/\/radiostudiow.com.br\/site\/wp-content\/uploads\/2024\/04\/image-38.png\" alt=\"\" class=\"wp-image-21308\" srcset=\"https:\/\/radiostudiow.com.br\/site\/wp-content\/uploads\/2024\/04\/image-38.png 897w, https:\/\/radiostudiow.com.br\/site\/wp-content\/uploads\/2024\/04\/image-38-300x68.png 300w, https:\/\/radiostudiow.com.br\/site\/wp-content\/uploads\/2024\/04\/image-38-768x175.png 768w\" sizes=\"auto, (max-width: 897px) 100vw, 897px\" \/><\/figure>\n\n\n\n<p>Em verifica\u00e7\u00e3o nas c\u00e2meras de seguran\u00e7a, os policiais identificaram a participa\u00e7\u00e3o de cinco pessoas, que se aproximaram da casa, sendo que alguns deles realizaram os tiros. Na ocasi\u00e3o, um homem ateou fogo em um carro que estava estacionado em frente \u00e0 casa, que pertencia \u00e0s v\u00edtimas. Os tiros atingiram somente a mulher, que sobreviveu e est\u00e1 fora de perigo. Proj\u00e9teis deflagrados foram apreendidos no local e submetidos \u00e0 per\u00edcia.<\/p>\n\n\n\n<p>A Pol\u00edcia Civil conseguiu identificar tr\u00eas pessoas envolvidas na tentativa de homic\u00eddio e a motiva\u00e7\u00e3o do crime, que seria uma vingan\u00e7a em raz\u00e3o de um desentendimento entre um dos autores e uma das v\u00edtimas ocorrido algumas semanas antes. Durante as investiga\u00e7\u00f5es, os policiais constataram que um homem e a esposa de outro investigado possu\u00edam armas de fogo registradas em seu nome. Por isso, foi solicitada a pris\u00e3o tempor\u00e1ria do suspeito e busca e apreens\u00e3o com a finalidade de apreender as armas para eventual confronto bal\u00edstico.<\/p>\n\n\n\n<p>A Pol\u00edcia Civil cumpriu os tr\u00eas mandados de pris\u00e3o tempor\u00e1ria e cinco de busca e apreens\u00e3o com apoio da PM na manh\u00e3 de hoje. No total, foram apreendidas oito armas, sendo tr\u00eas sem registro. <em>\u201cFoi solicitado o pedido de pris\u00e3o tempor\u00e1ria desses suspeitos para que pud\u00e9ssemos dar andamento as investiga\u00e7\u00f5es sem preju\u00edzo, sem que eles interferirem as investiga\u00e7\u00f5es. Tamb\u00e9m foi realizada a busca e apreens\u00e3o nas resid\u00eancias com um especial objetivo de apreender essas armas de fogo. Eles teriam em nome deles eventualmente outras armas n\u00e3o registradas. [Elas foram apreendidas] a fim de realizar o confronto bal\u00edstico com muni\u00e7\u00f5es que foram apreendidas no dia e assim poder concluir se eles foram autores ou coautores dessa tentativa de homic\u00eddio\u201d<\/em>, afirma o Delegado da Pol\u00edcia Civil de Irati, Gabriel Moura Marinho.<\/p>\n\n\n\n<figure class=\"wp-block-image size-full\"><img decoding=\"async\" src=\"https:\/\/radiostudiow.com.br\/site\/wp-content\/uploads\/2024\/04\/image-55.png\" alt=\"\" class=\"wp-image-21389\"\/><\/figure>\n\n\n\n<p>Al\u00e9m das pris\u00f5es tempor\u00e1rias, dois homens foram autuados em flagrante por porte ilegal de arma de fogo de uso restrito. J\u00e1 uma mulher foi conduzida \u00e0 Delegacia em raz\u00e3o do crime de omiss\u00e3o de cautela. Segundo a Pol\u00edcia Civil, as armas dela s\u00e3o registradas, mas n\u00e3o estavam guardadas adequadamente na resid\u00eancia, pois a filha, de 8 anos, tinha livre acesso a elas. O Delegado Gabriel salienta que o crime de omiss\u00e3o de cautela possui pena de at\u00e9 dois anos de pris\u00e3o. No entanto, a mulher n\u00e3o foi presa. <em>\u201cEla foi autuada e vai ser submetida ao termo circunstanciado que \u00e9 um procedimento mais simples perante judici\u00e1rio\u201d<\/em>, disse o Delegado.<\/p>\n\n\n\n<p>A Pol\u00edcia Civil ressalta que as investiga\u00e7\u00f5es continuam para identificar outros envolvidos na tentativa de homic\u00eddio.<\/p>\n\n\n\n<p>A opera\u00e7\u00e3o, deflagrada pela Pol\u00edcia Civil de Irati, teve apoio da 13\u00aa Subdivis\u00e3o Policial de Ponta Grossa, das Delegacias de Rebou\u00e7as e Teixeira Soares, do N\u00facleo de Opera\u00e7\u00f5es com C\u00e3es da Pol\u00edcia Civil e da Pol\u00edcia Militar. J\u00e1 o Corpo de Bombeiros disponibilizou uma equipe para ficar de prontid\u00e3o, em caso de necessidade.<\/p>\n\n\n\n<figure class=\"wp-block-image size-full\"><img loading=\"lazy\" decoding=\"async\" width=\"300\" height=\"180\" src=\"https:\/\/radiostudiow.com.br\/site\/wp-content\/uploads\/2024\/04\/image-26.png\" alt=\"\" class=\"wp-image-21279\"\/><\/figure>\n\n\n\n<figure class=\"wp-block-gallery has-nested-images columns-default is-cropped wp-block-gallery-1 is-layout-flex wp-block-gallery-is-layout-flex\">\n<figure class=\"wp-block-image size-large\"><img loading=\"lazy\" decoding=\"async\" width=\"1024\" height=\"768\" data-id=\"22052\" src=\"https:\/\/radiostudiow.com.br\/site\/wp-content\/uploads\/2024\/04\/najua-operacao-irati-3-1024x768.jpg\" alt=\"\" class=\"wp-image-22052\" srcset=\"https:\/\/radiostudiow.com.br\/site\/wp-content\/uploads\/2024\/04\/najua-operacao-irati-3-1024x768.jpg 1024w, https:\/\/radiostudiow.com.br\/site\/wp-content\/uploads\/2024\/04\/najua-operacao-irati-3-300x225.jpg 300w, https:\/\/radiostudiow.com.br\/site\/wp-content\/uploads\/2024\/04\/najua-operacao-irati-3-768x576.jpg 768w, https:\/\/radiostudiow.com.br\/site\/wp-content\/uploads\/2024\/04\/najua-operacao-irati-3-1536x1152.jpg 1536w, https:\/\/radiostudiow.com.br\/site\/wp-content\/uploads\/2024\/04\/najua-operacao-irati-3.jpg 1600w\" sizes=\"auto, (max-width: 1024px) 100vw, 1024px\" \/><\/figure>\n\n\n\n<figure class=\"wp-block-image size-large\"><img loading=\"lazy\" decoding=\"async\" width=\"1024\" height=\"678\" data-id=\"22051\" src=\"https:\/\/radiostudiow.com.br\/site\/wp-content\/uploads\/2024\/04\/najua-operacao-irati-1-1024x678.jpg\" alt=\"\" class=\"wp-image-22051\" srcset=\"https:\/\/radiostudiow.com.br\/site\/wp-content\/uploads\/2024\/04\/najua-operacao-irati-1-1024x678.jpg 1024w, https:\/\/radiostudiow.com.br\/site\/wp-content\/uploads\/2024\/04\/najua-operacao-irati-1-300x199.jpg 300w, https:\/\/radiostudiow.com.br\/site\/wp-content\/uploads\/2024\/04\/najua-operacao-irati-1-768x508.jpg 768w, https:\/\/radiostudiow.com.br\/site\/wp-content\/uploads\/2024\/04\/najua-operacao-irati-1-1536x1017.jpg 1536w, https:\/\/radiostudiow.com.br\/site\/wp-content\/uploads\/2024\/04\/najua-operacao-irati-1.jpg 1600w\" sizes=\"auto, (max-width: 1024px) 100vw, 1024px\" \/><\/figure>\n<\/figure>\n\n\n\n<figure class=\"wp-block-gallery has-nested-images columns-default is-cropped wp-block-gallery-2 is-layout-flex wp-block-gallery-is-layout-flex\">\n<figure class=\"wp-block-image size-large\"><img loading=\"lazy\" decoding=\"async\" width=\"768\" height=\"1024\" data-id=\"22053\" src=\"https:\/\/radiostudiow.com.br\/site\/wp-content\/uploads\/2024\/04\/najua-operacao-irati-2-768x1024.jpg\" alt=\"\" class=\"wp-image-22053\" srcset=\"https:\/\/radiostudiow.com.br\/site\/wp-content\/uploads\/2024\/04\/najua-operacao-irati-2-768x1024.jpg 768w, https:\/\/radiostudiow.com.br\/site\/wp-content\/uploads\/2024\/04\/najua-operacao-irati-2-225x300.jpg 225w, https:\/\/radiostudiow.com.br\/site\/wp-content\/uploads\/2024\/04\/najua-operacao-irati-2-1152x1536.jpg 1152w, https:\/\/radiostudiow.com.br\/site\/wp-content\/uploads\/2024\/04\/najua-operacao-irati-2.jpg 1200w\" sizes=\"auto, (max-width: 768px) 100vw, 768px\" \/><\/figure>\n\n\n\n<figure class=\"wp-block-image size-large\"><img loading=\"lazy\" decoding=\"async\" width=\"768\" height=\"1024\" data-id=\"22054\" src=\"https:\/\/radiostudiow.com.br\/site\/wp-content\/uploads\/2024\/04\/najua-operacao-irati-4-768x1024.jpg\" alt=\"\" class=\"wp-image-22054\" srcset=\"https:\/\/radiostudiow.com.br\/site\/wp-content\/uploads\/2024\/04\/najua-operacao-irati-4-768x1024.jpg 768w, https:\/\/radiostudiow.com.br\/site\/wp-content\/uploads\/2024\/04\/najua-operacao-irati-4-225x300.jpg 225w, https:\/\/radiostudiow.com.br\/site\/wp-content\/uploads\/2024\/04\/najua-operacao-irati-4-1152x1536.jpg 1152w, https:\/\/radiostudiow.com.br\/site\/wp-content\/uploads\/2024\/04\/najua-operacao-irati-4.jpg 1200w\" sizes=\"auto, (max-width: 768px) 100vw, 768px\" \/><\/figure>\n<\/figure>\n","protected":false},"excerpt":{"rendered":"<p>A Pol\u00edcia Civil de Irati realizou a opera\u00e7\u00e3o \u201cOlho Por Olho\u201d na manh\u00e3 desta quinta-feira. Ela foi deflagrada em continuidade a investiga\u00e7\u00e3o de uma tentativa de homic\u00eddio registrada em novembro de 2023, quando um casal foi alvo de disparos de arma de fogo em uma resid\u00eancia. Em verifica\u00e7\u00e3o nas c\u00e2meras de seguran\u00e7a, os policiais identificaram [&hellip;]<\/p>\n","protected":false},"author":2,"featured_media":22055,"comment_status":"open","ping_status":"open","sticky":false,"template":"","format":"standard","meta":{"footnotes":""},"categories":[2],"tags":[172],"class_list":["post-22049","post","type-post","status-publish","format-standard","has-post-thumbnail","hentry","category-policial","tag-featured"],"amp_enabled":true,"_links":{"self":[{"href":"https:\/\/radiostudiow.com.br\/site\/wp-json\/wp\/v2\/posts\/22049","targetHints":{"allow":["GET"]}}],"collection":[{"href":"https:\/\/radiostudiow.com.br\/site\/wp-json\/wp\/v2\/posts"}],"about":[{"href":"https:\/\/radiostudiow.com.br\/site\/wp-json\/wp\/v2\/types\/post"}],"author":[{"embeddable":true,"href":"https:\/\/radiostudiow.com.br\/site\/wp-json\/wp\/v2\/users\/2"}],"replies":[{"embeddable":true,"href":"https:\/\/radiostudiow.com.br\/site\/wp-json\/wp\/v2\/comments?post=22049"}],"version-history":[{"count":3,"href":"https:\/\/radiostudiow.com.br\/site\/wp-json\/wp\/v2\/posts\/22049\/revisions"}],"predecessor-version":[{"id":22111,"href":"https:\/\/radiostudiow.com.br\/site\/wp-json\/wp\/v2\/posts\/22049\/revisions\/22111"}],"wp:featuredmedia":[{"embeddable":true,"href":"https:\/\/radiostudiow.com.br\/site\/wp-json\/wp\/v2\/media\/22055"}],"wp:attachment":[{"href":"https:\/\/radiostudiow.com.br\/site\/wp-json\/wp\/v2\/media?parent=22049"}],"wp:term":[{"taxonomy":"category","embeddable":true,"href":"https:\/\/radiostudiow.com.br\/site\/wp-json\/wp\/v2\/categories?post=22049"},{"taxonomy":"post_tag","embeddable":true,"href":"https:\/\/radiostudiow.com.br\/site\/wp-json\/wp\/v2\/tags?post=22049"}],"curies":[{"name":"wp","href":"https:\/\/api.w.org\/{rel}","templated":true}]}}