{"id":22065,"date":"2024-04-30T09:28:28","date_gmt":"2024-04-30T12:28:28","guid":{"rendered":"https:\/\/radiostudiow.com.br\/site\/?p=22065"},"modified":"2025-01-31T14:59:24","modified_gmt":"2025-01-31T17:59:24","slug":"motorista-recebe-multas-sem-estar-no-lugar-e-acredita-que-teve-placas-clonadas","status":"publish","type":"post","link":"https:\/\/radiostudiow.com.br\/site\/2024\/04\/30\/motorista-recebe-multas-sem-estar-no-lugar-e-acredita-que-teve-placas-clonadas\/","title":{"rendered":"Motorista recebe multas sem estar no lugar e acredita que teve placas clonadas"},"content":{"rendered":"\n<figure class=\"wp-block-image size-full\"><img loading=\"lazy\" decoding=\"async\" width=\"590\" height=\"204\" src=\"https:\/\/radiostudiow.com.br\/site\/wp-content\/uploads\/2024\/04\/image-27.png\" alt=\"\" class=\"wp-image-21280\" srcset=\"https:\/\/radiostudiow.com.br\/site\/wp-content\/uploads\/2024\/04\/image-27.png 590w, https:\/\/radiostudiow.com.br\/site\/wp-content\/uploads\/2024\/04\/image-27-300x104.png 300w\" sizes=\"auto, (max-width: 590px) 100vw, 590px\" \/><\/figure>\n\n\n\n<p>Um senhor compareceu ao Pelot\u00e3o da Pol\u00edcia Militar de Cruz Machado por volta das 11:00 horas desse s\u00e1bado, 27 de abril, para relatar uma situa\u00e7\u00e3o de estelionato.<\/p>\n\n\n\n<p>De acordo com o solicitante, nos dias 23 de mar\u00e7o e 13 de Fevereiro constam em sua CNH, 2 multas de tr\u00e2nsito sendo uma do estado de Minas Gerais e outra do Estado de Santa Catarina. O solicitante afirmou que n\u00e3o esteve em nenhum dos estados nas referidas datas. <\/p>\n\n\n\n<figure class=\"wp-block-image size-full\"><img decoding=\"async\" src=\"https:\/\/radiostudiow.com.br\/site\/wp-content\/uploads\/2024\/04\/image-42.png\" alt=\"\" class=\"wp-image-21334\"\/><\/figure>\n\n\n\n<p>O senhor ainda relata que nas datas das infra\u00e7\u00f5es possui comprovantes de abastecimentos que compravam que estava no estado do Paran\u00e1. Desta forma acredita que seu ve\u00edculo teve as placas &#8220;Clonadas&#8221;.<\/p>\n\n\n\n<p>Diante dos relatos a equipe policial orientou a v\u00edtima quanto aos procedimentos cab\u00edveis.<\/p>\n","protected":false},"excerpt":{"rendered":"<p>Um senhor compareceu ao Pelot\u00e3o da Pol\u00edcia Militar de Cruz Machado por volta das 11:00 horas desse s\u00e1bado, 27 de abril, para relatar uma situa\u00e7\u00e3o de estelionato. De acordo com o solicitante, nos dias 23 de mar\u00e7o e 13 de Fevereiro constam em sua CNH, 2 multas de tr\u00e2nsito sendo uma do estado de Minas [&hellip;]<\/p>\n","protected":false},"author":2,"featured_media":22093,"comment_status":"open","ping_status":"open","sticky":false,"template":"","format":"standard","meta":{"footnotes":""},"categories":[2],"tags":[172],"class_list":["post-22065","post","type-post","status-publish","format-standard","has-post-thumbnail","hentry","category-policial","tag-featured"],"amp_enabled":true,"_links":{"self":[{"href":"https:\/\/radiostudiow.com.br\/site\/wp-json\/wp\/v2\/posts\/22065","targetHints":{"allow":["GET"]}}],"collection":[{"href":"https:\/\/radiostudiow.com.br\/site\/wp-json\/wp\/v2\/posts"}],"about":[{"href":"https:\/\/radiostudiow.com.br\/site\/wp-json\/wp\/v2\/types\/post"}],"author":[{"embeddable":true,"href":"https:\/\/radiostudiow.com.br\/site\/wp-json\/wp\/v2\/users\/2"}],"replies":[{"embeddable":true,"href":"https:\/\/radiostudiow.com.br\/site\/wp-json\/wp\/v2\/comments?post=22065"}],"version-history":[{"count":3,"href":"https:\/\/radiostudiow.com.br\/site\/wp-json\/wp\/v2\/posts\/22065\/revisions"}],"predecessor-version":[{"id":22094,"href":"https:\/\/radiostudiow.com.br\/site\/wp-json\/wp\/v2\/posts\/22065\/revisions\/22094"}],"wp:featuredmedia":[{"embeddable":true,"href":"https:\/\/radiostudiow.com.br\/site\/wp-json\/wp\/v2\/media\/22093"}],"wp:attachment":[{"href":"https:\/\/radiostudiow.com.br\/site\/wp-json\/wp\/v2\/media?parent=22065"}],"wp:term":[{"taxonomy":"category","embeddable":true,"href":"https:\/\/radiostudiow.com.br\/site\/wp-json\/wp\/v2\/categories?post=22065"},{"taxonomy":"post_tag","embeddable":true,"href":"https:\/\/radiostudiow.com.br\/site\/wp-json\/wp\/v2\/tags?post=22065"}],"curies":[{"name":"wp","href":"https:\/\/api.w.org\/{rel}","templated":true}]}}