{"id":22082,"date":"2024-04-30T09:34:58","date_gmt":"2024-04-30T12:34:58","guid":{"rendered":"https:\/\/radiostudiow.com.br\/site\/?p=22082"},"modified":"2025-01-31T14:59:24","modified_gmt":"2025-01-31T17:59:24","slug":"suspeito-e-detido-apos-ameacar-vitima-com-arma-de-fogo-em-uniao-da-vitoria","status":"publish","type":"post","link":"https:\/\/radiostudiow.com.br\/site\/2024\/04\/30\/suspeito-e-detido-apos-ameacar-vitima-com-arma-de-fogo-em-uniao-da-vitoria\/","title":{"rendered":"Suspeito \u00e9 detido ap\u00f3s amea\u00e7ar v\u00edtima com arma de fogo em Uni\u00e3o da Vit\u00f3ria"},"content":{"rendered":"\n<p>A equipe da Pol\u00edcia Militar foi acionada para atender a uma situa\u00e7\u00e3o de amea\u00e7a no bairro Bom Jesus na tarde desta sexta-feira, 26 de abril, onde segundo relato da v\u00edtima, um indiv\u00edduoma amea\u00e7ou, apontando-lhe uma arma de fogo.<\/p>\n\n\n\n<figure class=\"wp-block-image size-full\"><img loading=\"lazy\" decoding=\"async\" width=\"598\" height=\"204\" src=\"https:\/\/radiostudiow.com.br\/site\/wp-content\/uploads\/2024\/04\/image-39.png\" alt=\"\" class=\"wp-image-21311\" srcset=\"https:\/\/radiostudiow.com.br\/site\/wp-content\/uploads\/2024\/04\/image-39.png 598w, https:\/\/radiostudiow.com.br\/site\/wp-content\/uploads\/2024\/04\/image-39-300x102.png 300w\" sizes=\"auto, (max-width: 598px) 100vw, 598px\" \/><\/figure>\n\n\n\n<p>Ap\u00f3s dilig\u00eancias, os policiais localizaram um ve\u00edculo cujas caracter\u00edsticas coincidiam com as informadas pela v\u00edtima, sendo este o suposto ve\u00edculo do autor das amea\u00e7as.&nbsp;Ao dar voz de abordagem ao condutor do ve\u00edculo, este desobedeceu \u00e0s ordens das equipes policiais e as desacatou.<\/p>\n\n\n\n<p>A coopera\u00e7\u00e3o do autor s\u00f3 foi obtida ap\u00f3s a chegada de mais equipes policiais ao local. Ap\u00f3s uma busca pessoal, nada de il\u00edcito foi encontrado com o autor. No entanto, durante a revista veicular, foi encontrado um rev\u00f3lver calibre .32, cuja consulta ao sistema revelou que o registro estava vencido.<\/p>\n\n\n\n<figure class=\"wp-block-image size-full\"><img decoding=\"async\" src=\"https:\/\/radiostudiow.com.br\/site\/wp-content\/uploads\/2024\/04\/image-54.png\" alt=\"\" class=\"wp-image-21388\"\/><\/figure>\n\n\n\n<p>Ao ser informado sobre a pris\u00e3o e na ocasi\u00e3o da apreens\u00e3o da arma, o suspeito resistiu ativamente \u00e0 ordem de pris\u00e3o, tentando desvencilhar-se do algemamento, al\u00e9m de empurrar e chutar os policiais presentes. Diante da resist\u00eancia, foram utilizadas t\u00e9cnicas de imobiliza\u00e7\u00e3o e o uso progressivo da for\u00e7a para cont\u00ea-lo.<\/p>\n\n\n\n<p>Ambas as partes envolvidas foram conduzidas \u00e0 4\u00aa SDP para os procedimentos legais cab\u00edveis.<\/p>\n","protected":false},"excerpt":{"rendered":"<p>A equipe da Pol\u00edcia Militar foi acionada para atender a uma situa\u00e7\u00e3o de amea\u00e7a no bairro Bom Jesus na tarde desta sexta-feira, 26 de abril, onde segundo relato da v\u00edtima, um indiv\u00edduoma amea\u00e7ou, apontando-lhe uma arma de fogo. Ap\u00f3s dilig\u00eancias, os policiais localizaram um ve\u00edculo cujas caracter\u00edsticas coincidiam com as informadas pela v\u00edtima, sendo este [&hellip;]<\/p>\n","protected":false},"author":2,"featured_media":20320,"comment_status":"open","ping_status":"open","sticky":false,"template":"","format":"standard","meta":{"footnotes":""},"categories":[2],"tags":[172],"class_list":["post-22082","post","type-post","status-publish","format-standard","has-post-thumbnail","hentry","category-policial","tag-featured"],"amp_enabled":true,"_links":{"self":[{"href":"https:\/\/radiostudiow.com.br\/site\/wp-json\/wp\/v2\/posts\/22082","targetHints":{"allow":["GET"]}}],"collection":[{"href":"https:\/\/radiostudiow.com.br\/site\/wp-json\/wp\/v2\/posts"}],"about":[{"href":"https:\/\/radiostudiow.com.br\/site\/wp-json\/wp\/v2\/types\/post"}],"author":[{"embeddable":true,"href":"https:\/\/radiostudiow.com.br\/site\/wp-json\/wp\/v2\/users\/2"}],"replies":[{"embeddable":true,"href":"https:\/\/radiostudiow.com.br\/site\/wp-json\/wp\/v2\/comments?post=22082"}],"version-history":[{"count":2,"href":"https:\/\/radiostudiow.com.br\/site\/wp-json\/wp\/v2\/posts\/22082\/revisions"}],"predecessor-version":[{"id":22097,"href":"https:\/\/radiostudiow.com.br\/site\/wp-json\/wp\/v2\/posts\/22082\/revisions\/22097"}],"wp:featuredmedia":[{"embeddable":true,"href":"https:\/\/radiostudiow.com.br\/site\/wp-json\/wp\/v2\/media\/20320"}],"wp:attachment":[{"href":"https:\/\/radiostudiow.com.br\/site\/wp-json\/wp\/v2\/media?parent=22082"}],"wp:term":[{"taxonomy":"category","embeddable":true,"href":"https:\/\/radiostudiow.com.br\/site\/wp-json\/wp\/v2\/categories?post=22082"},{"taxonomy":"post_tag","embeddable":true,"href":"https:\/\/radiostudiow.com.br\/site\/wp-json\/wp\/v2\/tags?post=22082"}],"curies":[{"name":"wp","href":"https:\/\/api.w.org\/{rel}","templated":true}]}}