{"id":22087,"date":"2024-04-30T09:46:33","date_gmt":"2024-04-30T12:46:33","guid":{"rendered":"https:\/\/radiostudiow.com.br\/site\/?p=22087"},"modified":"2025-01-31T14:59:24","modified_gmt":"2025-01-31T17:59:24","slug":"selecao-malletense-sub-16-vence-equipe-da-casa-e-se-classifica-em-primeiro-na-4a-edicao-do-parana-bom-de-bola","status":"publish","type":"post","link":"https:\/\/radiostudiow.com.br\/site\/2024\/04\/30\/selecao-malletense-sub-16-vence-equipe-da-casa-e-se-classifica-em-primeiro-na-4a-edicao-do-parana-bom-de-bola\/","title":{"rendered":"Sele\u00e7\u00e3o Malletense Sub-16 Vence Equipe da Casa e se Classifica em Primeiro na 4\u00aa Edi\u00e7\u00e3o do Paran\u00e1 Bom de Bola"},"content":{"rendered":"\n<p>Na cidade de Reserva do Igua\u00e7u, a Sele\u00e7\u00e3o Malletense masculina de futebol de campo sub-16 enfrentou um jogo complicado sob chuva e com a torcida contra. Apesar das adversidades, Mallet abriu o placar, mas a equipe da casa conseguiu o empate e at\u00e9 mesmo a virada. No entanto, nos \u00faltimos momentos do primeiro tempo, a Sele\u00e7\u00e3o Malletense conseguiu igualar o placar.<\/p>\n\n\n\n<figure class=\"wp-block-image size-full\"><img loading=\"lazy\" decoding=\"async\" width=\"897\" height=\"204\" src=\"https:\/\/radiostudiow.com.br\/site\/wp-content\/uploads\/2024\/04\/image-37.png\" alt=\"\" class=\"wp-image-21305\" srcset=\"https:\/\/radiostudiow.com.br\/site\/wp-content\/uploads\/2024\/04\/image-37.png 897w, https:\/\/radiostudiow.com.br\/site\/wp-content\/uploads\/2024\/04\/image-37-300x68.png 300w, https:\/\/radiostudiow.com.br\/site\/wp-content\/uploads\/2024\/04\/image-37-768x175.png 768w\" sizes=\"auto, (max-width: 897px) 100vw, 897px\" \/><\/figure>\n\n\n\n<p>Mesmo com um dos titulares suspenso, a equipe do Professor Gil n\u00e3o decepcionou. Ap\u00f3s uma jogada trabalhada, Mallet virou o jogo e venceu por 3&#215;2, com gols de Joao Francisco Marciniak (2) e Luis Henrique Duda Gobi (1).<\/p>\n\n\n\n<p>Agora, Mallet enfrentar\u00e1 a cidade de Quedas do Igua\u00e7u nas semifinais. Na outra semifinal, S\u00e3o Mateus do Sul, que se classificou em primeiro na outra chave, enfrentar\u00e1 a cidade anfitri\u00e3, Reserva do Igua\u00e7u.<\/p>\n\n\n\n<figure class=\"wp-block-image size-full\"><img decoding=\"async\" src=\"https:\/\/radiostudiow.com.br\/site\/wp-content\/uploads\/2024\/04\/image-11.png\" alt=\"\" class=\"wp-image-21624\"\/><\/figure>\n\n\n\n<p>Os jogos das semifinais acontecer\u00e3o no segundo final de semana do m\u00eas de maio. A torcida est\u00e1 ansiosa por esse t\u00edtulo in\u00e9dito e continua apoiando a Sele\u00e7\u00e3o Malletense em sua jornada no Paran\u00e1 Bom de Bola.<\/p>\n\n\n\n<figure class=\"wp-block-video\"><video height=\"480\" style=\"aspect-ratio: 848 \/ 480;\" width=\"848\" controls src=\"https:\/\/radiostudiow.com.br\/site\/wp-content\/uploads\/2024\/04\/WhatsApp-Video-2024-04-29-at-19.04.00.mp4\"><\/video><\/figure>\n","protected":false},"excerpt":{"rendered":"<p>Na cidade de Reserva do Igua\u00e7u, a Sele\u00e7\u00e3o Malletense masculina de futebol de campo sub-16 enfrentou um jogo complicado sob chuva e com a torcida contra. Apesar das adversidades, Mallet abriu o placar, mas a equipe da casa conseguiu o empate e at\u00e9 mesmo a virada. No entanto, nos \u00faltimos momentos do primeiro tempo, a [&hellip;]<\/p>\n","protected":false},"author":2,"featured_media":22107,"comment_status":"open","ping_status":"open","sticky":false,"template":"","format":"standard","meta":{"footnotes":""},"categories":[184],"tags":[172],"class_list":["post-22087","post","type-post","status-publish","format-standard","has-post-thumbnail","hentry","category-local","tag-featured"],"amp_enabled":true,"_links":{"self":[{"href":"https:\/\/radiostudiow.com.br\/site\/wp-json\/wp\/v2\/posts\/22087","targetHints":{"allow":["GET"]}}],"collection":[{"href":"https:\/\/radiostudiow.com.br\/site\/wp-json\/wp\/v2\/posts"}],"about":[{"href":"https:\/\/radiostudiow.com.br\/site\/wp-json\/wp\/v2\/types\/post"}],"author":[{"embeddable":true,"href":"https:\/\/radiostudiow.com.br\/site\/wp-json\/wp\/v2\/users\/2"}],"replies":[{"embeddable":true,"href":"https:\/\/radiostudiow.com.br\/site\/wp-json\/wp\/v2\/comments?post=22087"}],"version-history":[{"count":3,"href":"https:\/\/radiostudiow.com.br\/site\/wp-json\/wp\/v2\/posts\/22087\/revisions"}],"predecessor-version":[{"id":22109,"href":"https:\/\/radiostudiow.com.br\/site\/wp-json\/wp\/v2\/posts\/22087\/revisions\/22109"}],"wp:featuredmedia":[{"embeddable":true,"href":"https:\/\/radiostudiow.com.br\/site\/wp-json\/wp\/v2\/media\/22107"}],"wp:attachment":[{"href":"https:\/\/radiostudiow.com.br\/site\/wp-json\/wp\/v2\/media?parent=22087"}],"wp:term":[{"taxonomy":"category","embeddable":true,"href":"https:\/\/radiostudiow.com.br\/site\/wp-json\/wp\/v2\/categories?post=22087"},{"taxonomy":"post_tag","embeddable":true,"href":"https:\/\/radiostudiow.com.br\/site\/wp-json\/wp\/v2\/tags?post=22087"}],"curies":[{"name":"wp","href":"https:\/\/api.w.org\/{rel}","templated":true}]}}