{"id":22123,"date":"2024-04-30T18:04:34","date_gmt":"2024-04-30T21:04:34","guid":{"rendered":"https:\/\/radiostudiow.com.br\/site\/?p=22123"},"modified":"2025-01-31T14:59:24","modified_gmt":"2025-01-31T17:59:24","slug":"festival-frontinense-de-futebol-pequeno-craque-encerra-com-sucesso-em-paulo-frontin","status":"publish","type":"post","link":"https:\/\/radiostudiow.com.br\/site\/2024\/04\/30\/festival-frontinense-de-futebol-pequeno-craque-encerra-com-sucesso-em-paulo-frontin\/","title":{"rendered":"Festival Frontinense de Futebol Pequeno Craque Encerra com Sucesso em Paulo Frontin"},"content":{"rendered":"\n<p>No \u00faltimo domingo, dia 28 de abril, a cidade de Paulo Frontin foi palco do aguardado Festival Frontinense de Futebol Pequeno Craque. O evento, que contou com a participa\u00e7\u00e3o das categorias sub 07, sub 09 e sub 10, reuniu equipes de futebol das Escolinhas de Futsal VO2 de General Carneiro, AMEC &#8211; Associa\u00e7\u00e3o Mallet Esporte Clube de Mallet, e a equipe anfitri\u00e3, Pequeno Craque FR de Paulo Frontin.<\/p>\n\n\n\n<figure class=\"wp-block-image size-full\"><img loading=\"lazy\" decoding=\"async\" width=\"897\" height=\"204\" src=\"https:\/\/radiostudiow.com.br\/site\/wp-content\/uploads\/2024\/04\/image-50.png\" alt=\"\" class=\"wp-image-21368\" srcset=\"https:\/\/radiostudiow.com.br\/site\/wp-content\/uploads\/2024\/04\/image-50.png 897w, https:\/\/radiostudiow.com.br\/site\/wp-content\/uploads\/2024\/04\/image-50-300x68.png 300w, https:\/\/radiostudiow.com.br\/site\/wp-content\/uploads\/2024\/04\/image-50-768x175.png 768w\" sizes=\"auto, (max-width: 897px) 100vw, 897px\" \/><\/figure>\n\n\n\n<p>O festival, idealizado e realizado de forma volunt\u00e1ria pelo Sargento Jairo Andrade, comandante dos Pelot\u00f5es do 27\u00ba BPM das cidades de Paulo Frontin e Mallet, e seu filho Diogo Brzezinski Andrade, foi um sucesso gra\u00e7as ao apoio irrestrito da Prefeitura Municipal de Paulo Frontin, sob a administra\u00e7\u00e3o do prefeito Jamil Pech. Al\u00e9m disso, o evento contou com o empenho de diversos colaboradores que n\u00e3o mediram esfor\u00e7os para sua realiza\u00e7\u00e3o.<\/p>\n\n\n\n<p>Jairo Andrade expressou sua gratid\u00e3o a todos os envolvidos, especialmente destacando o apoio de Thalita Batista Dos Santos, Lucimara Brzezinski de Andrade e uma lista extensa de pais e volunt\u00e1rios que contribu\u00edram para o \u00eaxito do evento. Em suas palavras, Jairo ressaltou a dedica\u00e7\u00e3o e o comprometimento dessas pessoas, reconhecendo o papel fundamental de cada um na promo\u00e7\u00e3o do esporte e na constru\u00e7\u00e3o de um momento memor\u00e1vel para a comunidade de Paulo Frontin.<\/p>\n\n\n\n<figure class=\"wp-block-image size-full\"><img decoding=\"async\" src=\"https:\/\/radiostudiow.com.br\/site\/wp-content\/uploads\/2024\/04\/image-47.png\" alt=\"\" class=\"wp-image-21404\"\/><\/figure>\n\n\n\n<p>O Festival Frontinense de Futebol Pequeno Craque n\u00e3o apenas proporcionou momentos de competi\u00e7\u00e3o e divers\u00e3o para os jovens atletas, mas tamb\u00e9m fortaleceu os la\u00e7os comunit\u00e1rios e evidenciou o poder transformador do esporte na vida das pessoas.<\/p>\n\n\n\n<figure class=\"wp-block-gallery has-nested-images columns-default is-cropped wp-block-gallery-1 is-layout-flex wp-block-gallery-is-layout-flex\">\n<figure class=\"wp-block-image size-large\"><img loading=\"lazy\" decoding=\"async\" width=\"1024\" height=\"768\" data-id=\"22124\" src=\"https:\/\/radiostudiow.com.br\/site\/wp-content\/uploads\/2024\/04\/01-9-1024x768.jpeg\" alt=\"\" class=\"wp-image-22124\" srcset=\"https:\/\/radiostudiow.com.br\/site\/wp-content\/uploads\/2024\/04\/01-9-1024x768.jpeg 1024w, https:\/\/radiostudiow.com.br\/site\/wp-content\/uploads\/2024\/04\/01-9-300x225.jpeg 300w, https:\/\/radiostudiow.com.br\/site\/wp-content\/uploads\/2024\/04\/01-9-768x576.jpeg 768w, https:\/\/radiostudiow.com.br\/site\/wp-content\/uploads\/2024\/04\/01-9-1536x1152.jpeg 1536w, https:\/\/radiostudiow.com.br\/site\/wp-content\/uploads\/2024\/04\/01-9.jpeg 1600w\" sizes=\"auto, (max-width: 1024px) 100vw, 1024px\" \/><\/figure>\n<\/figure>\n\n\n\n<figure class=\"wp-block-image size-large\"><img loading=\"lazy\" decoding=\"async\" width=\"1024\" height=\"478\" src=\"https:\/\/radiostudiow.com.br\/site\/wp-content\/uploads\/2024\/04\/05-3-1024x478.jpeg\" alt=\"\" class=\"wp-image-22128\" srcset=\"https:\/\/radiostudiow.com.br\/site\/wp-content\/uploads\/2024\/04\/05-3-1024x478.jpeg 1024w, https:\/\/radiostudiow.com.br\/site\/wp-content\/uploads\/2024\/04\/05-3-300x140.jpeg 300w, https:\/\/radiostudiow.com.br\/site\/wp-content\/uploads\/2024\/04\/05-3-768x359.jpeg 768w, https:\/\/radiostudiow.com.br\/site\/wp-content\/uploads\/2024\/04\/05-3-1536x717.jpeg 1536w, https:\/\/radiostudiow.com.br\/site\/wp-content\/uploads\/2024\/04\/05-3.jpeg 1600w\" sizes=\"auto, (max-width: 1024px) 100vw, 1024px\" \/><\/figure>\n\n\n\n<figure class=\"wp-block-image size-large\"><img loading=\"lazy\" decoding=\"async\" width=\"1024\" height=\"768\" src=\"https:\/\/radiostudiow.com.br\/site\/wp-content\/uploads\/2024\/04\/02-6-1024x768.jpeg\" alt=\"\" class=\"wp-image-22125\" srcset=\"https:\/\/radiostudiow.com.br\/site\/wp-content\/uploads\/2024\/04\/02-6-1024x768.jpeg 1024w, https:\/\/radiostudiow.com.br\/site\/wp-content\/uploads\/2024\/04\/02-6-300x225.jpeg 300w, https:\/\/radiostudiow.com.br\/site\/wp-content\/uploads\/2024\/04\/02-6-768x576.jpeg 768w, https:\/\/radiostudiow.com.br\/site\/wp-content\/uploads\/2024\/04\/02-6-1536x1152.jpeg 1536w, https:\/\/radiostudiow.com.br\/site\/wp-content\/uploads\/2024\/04\/02-6.jpeg 1600w\" sizes=\"auto, (max-width: 1024px) 100vw, 1024px\" \/><\/figure>\n\n\n\n<figure class=\"wp-block-image size-large\"><img loading=\"lazy\" decoding=\"async\" width=\"1024\" height=\"478\" src=\"https:\/\/radiostudiow.com.br\/site\/wp-content\/uploads\/2024\/04\/04-4-1024x478.jpeg\" alt=\"\" class=\"wp-image-22127\" srcset=\"https:\/\/radiostudiow.com.br\/site\/wp-content\/uploads\/2024\/04\/04-4-1024x478.jpeg 1024w, https:\/\/radiostudiow.com.br\/site\/wp-content\/uploads\/2024\/04\/04-4-300x140.jpeg 300w, https:\/\/radiostudiow.com.br\/site\/wp-content\/uploads\/2024\/04\/04-4-768x359.jpeg 768w, https:\/\/radiostudiow.com.br\/site\/wp-content\/uploads\/2024\/04\/04-4-1536x717.jpeg 1536w, https:\/\/radiostudiow.com.br\/site\/wp-content\/uploads\/2024\/04\/04-4.jpeg 1600w\" sizes=\"auto, (max-width: 1024px) 100vw, 1024px\" \/><\/figure>\n\n\n\n<figure class=\"wp-block-image size-large\"><img loading=\"lazy\" decoding=\"async\" width=\"1024\" height=\"768\" src=\"https:\/\/radiostudiow.com.br\/site\/wp-content\/uploads\/2024\/04\/03-9-1024x768.jpeg\" alt=\"\" class=\"wp-image-22126\" srcset=\"https:\/\/radiostudiow.com.br\/site\/wp-content\/uploads\/2024\/04\/03-9-1024x768.jpeg 1024w, https:\/\/radiostudiow.com.br\/site\/wp-content\/uploads\/2024\/04\/03-9-300x225.jpeg 300w, https:\/\/radiostudiow.com.br\/site\/wp-content\/uploads\/2024\/04\/03-9-768x576.jpeg 768w, https:\/\/radiostudiow.com.br\/site\/wp-content\/uploads\/2024\/04\/03-9-1536x1152.jpeg 1536w, https:\/\/radiostudiow.com.br\/site\/wp-content\/uploads\/2024\/04\/03-9.jpeg 1600w\" sizes=\"auto, (max-width: 1024px) 100vw, 1024px\" \/><\/figure>\n","protected":false},"excerpt":{"rendered":"<p>No \u00faltimo domingo, dia 28 de abril, a cidade de Paulo Frontin foi palco do aguardado Festival Frontinense de Futebol Pequeno Craque. O evento, que contou com a participa\u00e7\u00e3o das categorias sub 07, sub 09 e sub 10, reuniu equipes de futebol das Escolinhas de Futsal VO2 de General Carneiro, AMEC &#8211; Associa\u00e7\u00e3o Mallet Esporte [&hellip;]<\/p>\n","protected":false},"author":2,"featured_media":22129,"comment_status":"open","ping_status":"open","sticky":false,"template":"","format":"standard","meta":{"footnotes":""},"categories":[185],"tags":[172],"class_list":["post-22123","post","type-post","status-publish","format-standard","has-post-thumbnail","hentry","category-regional","tag-featured"],"amp_enabled":true,"_links":{"self":[{"href":"https:\/\/radiostudiow.com.br\/site\/wp-json\/wp\/v2\/posts\/22123","targetHints":{"allow":["GET"]}}],"collection":[{"href":"https:\/\/radiostudiow.com.br\/site\/wp-json\/wp\/v2\/posts"}],"about":[{"href":"https:\/\/radiostudiow.com.br\/site\/wp-json\/wp\/v2\/types\/post"}],"author":[{"embeddable":true,"href":"https:\/\/radiostudiow.com.br\/site\/wp-json\/wp\/v2\/users\/2"}],"replies":[{"embeddable":true,"href":"https:\/\/radiostudiow.com.br\/site\/wp-json\/wp\/v2\/comments?post=22123"}],"version-history":[{"count":1,"href":"https:\/\/radiostudiow.com.br\/site\/wp-json\/wp\/v2\/posts\/22123\/revisions"}],"predecessor-version":[{"id":22130,"href":"https:\/\/radiostudiow.com.br\/site\/wp-json\/wp\/v2\/posts\/22123\/revisions\/22130"}],"wp:featuredmedia":[{"embeddable":true,"href":"https:\/\/radiostudiow.com.br\/site\/wp-json\/wp\/v2\/media\/22129"}],"wp:attachment":[{"href":"https:\/\/radiostudiow.com.br\/site\/wp-json\/wp\/v2\/media?parent=22123"}],"wp:term":[{"taxonomy":"category","embeddable":true,"href":"https:\/\/radiostudiow.com.br\/site\/wp-json\/wp\/v2\/categories?post=22123"},{"taxonomy":"post_tag","embeddable":true,"href":"https:\/\/radiostudiow.com.br\/site\/wp-json\/wp\/v2\/tags?post=22123"}],"curies":[{"name":"wp","href":"https:\/\/api.w.org\/{rel}","templated":true}]}}