{"id":22137,"date":"2024-04-30T18:29:37","date_gmt":"2024-04-30T21:29:37","guid":{"rendered":"https:\/\/radiostudiow.com.br\/site\/?p=22137"},"modified":"2025-01-31T14:59:24","modified_gmt":"2025-01-31T17:59:24","slug":"5o-batalhao-de-engenharia-blindado-de-porto-uniao-celebra-111-anos-de-historia","status":"publish","type":"post","link":"https:\/\/radiostudiow.com.br\/site\/2024\/04\/30\/5o-batalhao-de-engenharia-blindado-de-porto-uniao-celebra-111-anos-de-historia\/","title":{"rendered":"5\u00ba Batalh\u00e3o de Engenharia Blindado de Porto Uni\u00e3o celebra 111 anos de hist\u00f3ria"},"content":{"rendered":"\n<p>Na ter\u00e7a-feira, 30 de abril, o 5\u00ba Batalh\u00e3o de Engenharia Blindado de Porto Uni\u00e3o, tamb\u00e9m conhecido como Batalh\u00e3o Juarez T\u00e1vora, comemorou um marco significativo: seus 111 anos de exist\u00eancia.<\/p>\n\n\n\n<figure class=\"wp-block-image size-full\"><img loading=\"lazy\" decoding=\"async\" width=\"598\" height=\"204\" src=\"https:\/\/radiostudiow.com.br\/site\/wp-content\/uploads\/2024\/04\/image-39.png\" alt=\"\" class=\"wp-image-21311\" srcset=\"https:\/\/radiostudiow.com.br\/site\/wp-content\/uploads\/2024\/04\/image-39.png 598w, https:\/\/radiostudiow.com.br\/site\/wp-content\/uploads\/2024\/04\/image-39-300x102.png 300w\" sizes=\"auto, (max-width: 598px) 100vw, 598px\" \/><\/figure>\n\n\n\n<p>Em uma cerim\u00f4nia especial realizada para marcar a ocasi\u00e3o, foram entregues os&nbsp;Diplomas Amigo do Batalh\u00e3o&nbsp;a algumas personalidades do Vale do Igua\u00e7u.<\/p>\n\n\n\n<p>O General de Brigada Alexandre Pfaender Junior, comandante da 5\u00aa Brigada de Cavalaria Blindada, marcou presen\u00e7a no evento e destacou a miss\u00e3o do ex\u00e9rcito em atuar n\u00e3o apenas em tempos de conflito, mas tamb\u00e9m em situa\u00e7\u00f5es de paz.<em>\u00a0\u201cEle apoia e est\u00e1 em condi\u00e7\u00f5es de apoiar todas as cidades no entorno, temos o hist\u00f3rico de sempre ajudar diante das calamidades p\u00fablicas. E n\u00f3s vamos estar sempre prontos para apoiar\u201d<\/em>, ressaltou o General.<\/p>\n\n\n\n<p>Al\u00e9m de Porto Uni\u00e3o, que \u00e9 o \u00fanico fora do Paran\u00e1, outros 12 batalh\u00f5es fazem parte da chamada 5\u00aa Brigada de Cavalaria Blindada, distribu\u00eddos pelas cidades de Ponta Grossa, Rio Negro, Castro e Curitiba.<\/p>\n\n\n\n<figure class=\"wp-block-image size-full\"><img decoding=\"async\" src=\"https:\/\/radiostudiow.com.br\/site\/wp-content\/uploads\/2024\/04\/image-55.png\" alt=\"\" class=\"wp-image-21389\"\/><\/figure>\n\n\n\n<p>O Tenente Coronel Agostini, comandante da unidade de Porto Uni\u00e3o,\u00a0enfatizou o papel do Batalh\u00e3o em estar sempre pronto para auxiliar a popula\u00e7\u00e3o.<em> \u201cO 5\u00ba BEC faz parte da sociedade, estamos sempre prontos para apoiar e ajudar no que for preciso\u201d, <\/em>declarou.<\/p>\n\n\n\n<p>O 5\u00ba BEC \u00e9 composto por quatro companhias e recebeu 293 novos soldados no in\u00edcio deste ano, somando-se aos 580 militares que comp\u00f5em o batalh\u00e3o de Porto Uni\u00e3o.\u00a0<\/p>\n\n\n\n<figure class=\"wp-block-image size-large\"><img loading=\"lazy\" decoding=\"async\" width=\"1024\" height=\"576\" src=\"https:\/\/radiostudiow.com.br\/site\/wp-content\/uploads\/2024\/04\/WhatsApp-Image-2024-04-30-at-10.41.50-1024x576.jpeg\" alt=\"\" class=\"wp-image-22142\" srcset=\"https:\/\/radiostudiow.com.br\/site\/wp-content\/uploads\/2024\/04\/WhatsApp-Image-2024-04-30-at-10.41.50-1024x576.jpeg 1024w, https:\/\/radiostudiow.com.br\/site\/wp-content\/uploads\/2024\/04\/WhatsApp-Image-2024-04-30-at-10.41.50-300x169.jpeg 300w, https:\/\/radiostudiow.com.br\/site\/wp-content\/uploads\/2024\/04\/WhatsApp-Image-2024-04-30-at-10.41.50-768x432.jpeg 768w, https:\/\/radiostudiow.com.br\/site\/wp-content\/uploads\/2024\/04\/WhatsApp-Image-2024-04-30-at-10.41.50-1536x864.jpeg 1536w, https:\/\/radiostudiow.com.br\/site\/wp-content\/uploads\/2024\/04\/WhatsApp-Image-2024-04-30-at-10.41.50.jpeg 1600w\" sizes=\"auto, (max-width: 1024px) 100vw, 1024px\" \/><\/figure>\n","protected":false},"excerpt":{"rendered":"<p>Na ter\u00e7a-feira, 30 de abril, o 5\u00ba Batalh\u00e3o de Engenharia Blindado de Porto Uni\u00e3o, tamb\u00e9m conhecido como Batalh\u00e3o Juarez T\u00e1vora, comemorou um marco significativo: seus 111 anos de exist\u00eancia. Em uma cerim\u00f4nia especial realizada para marcar a ocasi\u00e3o, foram entregues os&nbsp;Diplomas Amigo do Batalh\u00e3o&nbsp;a algumas personalidades do Vale do Igua\u00e7u. O General de Brigada Alexandre [&hellip;]<\/p>\n","protected":false},"author":2,"featured_media":22143,"comment_status":"open","ping_status":"open","sticky":false,"template":"","format":"standard","meta":{"footnotes":""},"categories":[185],"tags":[172],"class_list":["post-22137","post","type-post","status-publish","format-standard","has-post-thumbnail","hentry","category-regional","tag-featured"],"amp_enabled":true,"_links":{"self":[{"href":"https:\/\/radiostudiow.com.br\/site\/wp-json\/wp\/v2\/posts\/22137","targetHints":{"allow":["GET"]}}],"collection":[{"href":"https:\/\/radiostudiow.com.br\/site\/wp-json\/wp\/v2\/posts"}],"about":[{"href":"https:\/\/radiostudiow.com.br\/site\/wp-json\/wp\/v2\/types\/post"}],"author":[{"embeddable":true,"href":"https:\/\/radiostudiow.com.br\/site\/wp-json\/wp\/v2\/users\/2"}],"replies":[{"embeddable":true,"href":"https:\/\/radiostudiow.com.br\/site\/wp-json\/wp\/v2\/comments?post=22137"}],"version-history":[{"count":2,"href":"https:\/\/radiostudiow.com.br\/site\/wp-json\/wp\/v2\/posts\/22137\/revisions"}],"predecessor-version":[{"id":22144,"href":"https:\/\/radiostudiow.com.br\/site\/wp-json\/wp\/v2\/posts\/22137\/revisions\/22144"}],"wp:featuredmedia":[{"embeddable":true,"href":"https:\/\/radiostudiow.com.br\/site\/wp-json\/wp\/v2\/media\/22143"}],"wp:attachment":[{"href":"https:\/\/radiostudiow.com.br\/site\/wp-json\/wp\/v2\/media?parent=22137"}],"wp:term":[{"taxonomy":"category","embeddable":true,"href":"https:\/\/radiostudiow.com.br\/site\/wp-json\/wp\/v2\/categories?post=22137"},{"taxonomy":"post_tag","embeddable":true,"href":"https:\/\/radiostudiow.com.br\/site\/wp-json\/wp\/v2\/tags?post=22137"}],"curies":[{"name":"wp","href":"https:\/\/api.w.org\/{rel}","templated":true}]}}