{"id":22157,"date":"2024-04-30T21:04:58","date_gmt":"2024-05-01T00:04:58","guid":{"rendered":"https:\/\/radiostudiow.com.br\/site\/?p=22157"},"modified":"2025-01-31T14:59:24","modified_gmt":"2025-01-31T17:59:24","slug":"pm-aborda-motocicleta-sem-placa-em-cruz-machado-homem-foi-detido","status":"publish","type":"post","link":"https:\/\/radiostudiow.com.br\/site\/2024\/04\/30\/pm-aborda-motocicleta-sem-placa-em-cruz-machado-homem-foi-detido\/","title":{"rendered":"PM aborda motocicleta sem placa em Cruz Machado. Homem foi detido"},"content":{"rendered":"\n<p>A Pol\u00edcia Militar apreendeu uma motocicleta durante uma abordagem realizada nessa segunda-feira, 29 de abril, na \u00e1rea central da cidade de Cruz Machado. Um homem acabou sendo conduzido para a delegacia.<\/p>\n\n\n\n<figure class=\"wp-block-image size-full\"><img decoding=\"async\" src=\"https:\/\/radiostudiow.com.br\/site\/wp-content\/uploads\/2024\/04\/image-55.png\" alt=\"\" class=\"wp-image-21389\"\/><\/figure>\n\n\n\n<p>Segundo informa\u00e7\u00f5es, durante patrulhamento a Pol\u00edcia se deparou com a motocicleta sem a placa e realizou a abordagem. O motociclista n\u00e3o possu\u00ed habilita\u00e7\u00e3o e n\u00e3o portava nenhum documento com ele.<\/p>\n\n\n\n<p>Ao ser questionado sobre a moto, ele afirmou que sabia que a mesma n\u00e3o possu\u00eda registro e ainda relatou que adquiriu pelo valor de R$ 1.500,00 mil reais. A moto e o homem foram encaminhados para a delegacia de Uni\u00e3o da Vit\u00f3ria.<\/p>\n","protected":false},"excerpt":{"rendered":"<p>A Pol\u00edcia Militar apreendeu uma motocicleta durante uma abordagem realizada nessa segunda-feira, 29 de abril, na \u00e1rea central da cidade de Cruz Machado. Um homem acabou sendo conduzido para a delegacia. Segundo informa\u00e7\u00f5es, durante patrulhamento a Pol\u00edcia se deparou com a motocicleta sem a placa e realizou a abordagem. O motociclista n\u00e3o possu\u00ed habilita\u00e7\u00e3o e [&hellip;]<\/p>\n","protected":false},"author":2,"featured_media":22163,"comment_status":"open","ping_status":"open","sticky":false,"template":"","format":"standard","meta":{"footnotes":""},"categories":[2],"tags":[172],"class_list":["post-22157","post","type-post","status-publish","format-standard","has-post-thumbnail","hentry","category-policial","tag-featured"],"amp_enabled":true,"_links":{"self":[{"href":"https:\/\/radiostudiow.com.br\/site\/wp-json\/wp\/v2\/posts\/22157","targetHints":{"allow":["GET"]}}],"collection":[{"href":"https:\/\/radiostudiow.com.br\/site\/wp-json\/wp\/v2\/posts"}],"about":[{"href":"https:\/\/radiostudiow.com.br\/site\/wp-json\/wp\/v2\/types\/post"}],"author":[{"embeddable":true,"href":"https:\/\/radiostudiow.com.br\/site\/wp-json\/wp\/v2\/users\/2"}],"replies":[{"embeddable":true,"href":"https:\/\/radiostudiow.com.br\/site\/wp-json\/wp\/v2\/comments?post=22157"}],"version-history":[{"count":2,"href":"https:\/\/radiostudiow.com.br\/site\/wp-json\/wp\/v2\/posts\/22157\/revisions"}],"predecessor-version":[{"id":22164,"href":"https:\/\/radiostudiow.com.br\/site\/wp-json\/wp\/v2\/posts\/22157\/revisions\/22164"}],"wp:featuredmedia":[{"embeddable":true,"href":"https:\/\/radiostudiow.com.br\/site\/wp-json\/wp\/v2\/media\/22163"}],"wp:attachment":[{"href":"https:\/\/radiostudiow.com.br\/site\/wp-json\/wp\/v2\/media?parent=22157"}],"wp:term":[{"taxonomy":"category","embeddable":true,"href":"https:\/\/radiostudiow.com.br\/site\/wp-json\/wp\/v2\/categories?post=22157"},{"taxonomy":"post_tag","embeddable":true,"href":"https:\/\/radiostudiow.com.br\/site\/wp-json\/wp\/v2\/tags?post=22157"}],"curies":[{"name":"wp","href":"https:\/\/api.w.org\/{rel}","templated":true}]}}