{"id":22186,"date":"2024-05-02T09:52:59","date_gmt":"2024-05-02T12:52:59","guid":{"rendered":"https:\/\/radiostudiow.com.br\/site\/?p=22186"},"modified":"2025-01-31T14:59:24","modified_gmt":"2025-01-31T17:59:24","slug":"motorista-danifica-cabos-de-energia-e-deixa-bairro-sem-luz-ao-tentar-realizar-manobra-com-caminhao-em-uniao-da-vitoria","status":"publish","type":"post","link":"https:\/\/radiostudiow.com.br\/site\/2024\/05\/02\/motorista-danifica-cabos-de-energia-e-deixa-bairro-sem-luz-ao-tentar-realizar-manobra-com-caminhao-em-uniao-da-vitoria\/","title":{"rendered":"Motorista danifica cabos de energia e deixa bairro sem luz ao tentar realizar manobra com caminh\u00e3o em Bituruna"},"content":{"rendered":"\n<p>A equipe da Pol\u00edcia Militar de Bituruna estava no Pelot\u00e3o momento que visualizou um caminh\u00e3o realizando manobra de r\u00e9 para a Avenida Jo\u00e3o Agostine, quando o reboque do ve\u00edculo bateu nos cabos de energia por volta das 14 horas dessa quarta-feira (01\u00b0 de maio).<\/p>\n\n\n\n<figure class=\"wp-block-image size-full\"><img decoding=\"async\" src=\"https:\/\/radiostudiow.com.br\/site\/wp-content\/uploads\/2024\/04\/SITE-MEDIO.png\" alt=\"\" class=\"wp-image-21854\"\/><\/figure>\n\n\n\n<p>Da situa\u00e7\u00e3o ocasionou em dano nos postes de energia e a falta de luz pela regi\u00e3o. Em ato continuo o motorista do caminh\u00e3o, foi identificado e posteriomente foi at\u00e9 a equipe para prestar esclarecimentos.<\/p>\n\n\n\n<p>O motorista relatou que estava indo realizar uma entrega em que neste momento teria entrado na rua errada, ai pedir aux\u00edlio a terceiros, teria tentado realizar o retorno momento teria batido nos cabos de energia.<\/p>\n\n\n\n<figure class=\"wp-block-image size-full\"><img decoding=\"async\" src=\"https:\/\/radiostudiow.com.br\/site\/wp-content\/uploads\/2024\/04\/image-11.png\" alt=\"\" class=\"wp-image-21624\"\/><\/figure>\n\n\n\n<p>Os policiais realizaram as sinaliza\u00e7\u00f5es no local e acionaram a Copel para realizar os porcedimentos cab\u00edveis. Foi realizado o Boletim de Ocorr\u00eancia descrevendo o fato e o motorista sendo orientado quanto aos fatos.<\/p>\n","protected":false},"excerpt":{"rendered":"<p>A equipe da Pol\u00edcia Militar de Bituruna estava no Pelot\u00e3o momento que visualizou um caminh\u00e3o realizando manobra de r\u00e9 para a Avenida Jo\u00e3o Agostine, quando o reboque do ve\u00edculo bateu nos cabos de energia por volta das 14 horas dessa quarta-feira (01\u00b0 de maio). Da situa\u00e7\u00e3o ocasionou em dano nos postes de energia e a [&hellip;]<\/p>\n","protected":false},"author":2,"featured_media":13941,"comment_status":"open","ping_status":"open","sticky":false,"template":"","format":"standard","meta":{"footnotes":""},"categories":[2],"tags":[172],"class_list":["post-22186","post","type-post","status-publish","format-standard","has-post-thumbnail","hentry","category-policial","tag-featured"],"amp_enabled":true,"_links":{"self":[{"href":"https:\/\/radiostudiow.com.br\/site\/wp-json\/wp\/v2\/posts\/22186","targetHints":{"allow":["GET"]}}],"collection":[{"href":"https:\/\/radiostudiow.com.br\/site\/wp-json\/wp\/v2\/posts"}],"about":[{"href":"https:\/\/radiostudiow.com.br\/site\/wp-json\/wp\/v2\/types\/post"}],"author":[{"embeddable":true,"href":"https:\/\/radiostudiow.com.br\/site\/wp-json\/wp\/v2\/users\/2"}],"replies":[{"embeddable":true,"href":"https:\/\/radiostudiow.com.br\/site\/wp-json\/wp\/v2\/comments?post=22186"}],"version-history":[{"count":2,"href":"https:\/\/radiostudiow.com.br\/site\/wp-json\/wp\/v2\/posts\/22186\/revisions"}],"predecessor-version":[{"id":22190,"href":"https:\/\/radiostudiow.com.br\/site\/wp-json\/wp\/v2\/posts\/22186\/revisions\/22190"}],"wp:featuredmedia":[{"embeddable":true,"href":"https:\/\/radiostudiow.com.br\/site\/wp-json\/wp\/v2\/media\/13941"}],"wp:attachment":[{"href":"https:\/\/radiostudiow.com.br\/site\/wp-json\/wp\/v2\/media?parent=22186"}],"wp:term":[{"taxonomy":"category","embeddable":true,"href":"https:\/\/radiostudiow.com.br\/site\/wp-json\/wp\/v2\/categories?post=22186"},{"taxonomy":"post_tag","embeddable":true,"href":"https:\/\/radiostudiow.com.br\/site\/wp-json\/wp\/v2\/tags?post=22186"}],"curies":[{"name":"wp","href":"https:\/\/api.w.org\/{rel}","templated":true}]}}