{"id":22196,"date":"2024-05-02T11:05:01","date_gmt":"2024-05-02T14:05:01","guid":{"rendered":"https:\/\/radiostudiow.com.br\/site\/?p=22196"},"modified":"2025-01-31T14:59:23","modified_gmt":"2025-01-31T17:59:23","slug":"homem-e-preso-com-simulacro-de-arma-de-fogo-apos-tentativa-de-roubo","status":"publish","type":"post","link":"https:\/\/radiostudiow.com.br\/site\/2024\/05\/02\/homem-e-preso-com-simulacro-de-arma-de-fogo-apos-tentativa-de-roubo\/","title":{"rendered":"Homem \u00e9 preso com simulacro de arma de fogo\u00a0ap\u00f3s tentativa de roubo"},"content":{"rendered":"\n<p>Uma tentativa de roubo registrada no bairro Sagrada Fam\u00edlia mobilizou a Pol\u00edcia Militar em Uni\u00e3o da Vit\u00f3ria durante por volta das 19 horas dessa quarta-feira, 01\u00b0 de maio.<\/p>\n\n\n\n<figure class=\"wp-block-image size-full\"><img loading=\"lazy\" decoding=\"async\" width=\"598\" height=\"204\" src=\"https:\/\/radiostudiow.com.br\/site\/wp-content\/uploads\/2024\/04\/image-39.png\" alt=\"\" class=\"wp-image-21311\" srcset=\"https:\/\/radiostudiow.com.br\/site\/wp-content\/uploads\/2024\/04\/image-39.png 598w, https:\/\/radiostudiow.com.br\/site\/wp-content\/uploads\/2024\/04\/image-39-300x102.png 300w\" sizes=\"auto, (max-width: 598px) 100vw, 598px\" \/><\/figure>\n\n\n\n<p>Segundo informa\u00e7\u00f5es, um morador estava caminhando em via p\u00fablica pr\u00f3ximo a um posto de combust\u00edvel quando foi surpreendido por um indiv\u00edduo que se aproximou e anunciou o assalto, fazendo men\u00e7\u00e3o de estar armado.<\/p>\n\n\n\n<p>A Pol\u00edcia Militar apurou informa\u00e7\u00f5es sobre as caracter\u00edsticas do suspeito e realizou rondas, localizando o homem nas proximidades. Ele foi abordado e com ele foi encontrado um simulacro de arma de fogo. O homem foi conduzido at\u00e9 a delegacia.<\/p>\n\n\n\n<figure class=\"wp-block-image size-full\"><img loading=\"lazy\" decoding=\"async\" width=\"300\" height=\"180\" src=\"https:\/\/radiostudiow.com.br\/site\/wp-content\/uploads\/2024\/04\/image-26.png\" alt=\"\" class=\"wp-image-21279\"\/><\/figure>\n","protected":false},"excerpt":{"rendered":"<p>Uma tentativa de roubo registrada no bairro Sagrada Fam\u00edlia mobilizou a Pol\u00edcia Militar em Uni\u00e3o da Vit\u00f3ria durante por volta das 19 horas dessa quarta-feira, 01\u00b0 de maio. Segundo informa\u00e7\u00f5es, um morador estava caminhando em via p\u00fablica pr\u00f3ximo a um posto de combust\u00edvel quando foi surpreendido por um indiv\u00edduo que se aproximou e anunciou o [&hellip;]<\/p>\n","protected":false},"author":2,"featured_media":22197,"comment_status":"open","ping_status":"open","sticky":false,"template":"","format":"standard","meta":{"footnotes":""},"categories":[2],"tags":[172],"class_list":["post-22196","post","type-post","status-publish","format-standard","has-post-thumbnail","hentry","category-policial","tag-featured"],"amp_enabled":true,"_links":{"self":[{"href":"https:\/\/radiostudiow.com.br\/site\/wp-json\/wp\/v2\/posts\/22196","targetHints":{"allow":["GET"]}}],"collection":[{"href":"https:\/\/radiostudiow.com.br\/site\/wp-json\/wp\/v2\/posts"}],"about":[{"href":"https:\/\/radiostudiow.com.br\/site\/wp-json\/wp\/v2\/types\/post"}],"author":[{"embeddable":true,"href":"https:\/\/radiostudiow.com.br\/site\/wp-json\/wp\/v2\/users\/2"}],"replies":[{"embeddable":true,"href":"https:\/\/radiostudiow.com.br\/site\/wp-json\/wp\/v2\/comments?post=22196"}],"version-history":[{"count":1,"href":"https:\/\/radiostudiow.com.br\/site\/wp-json\/wp\/v2\/posts\/22196\/revisions"}],"predecessor-version":[{"id":22198,"href":"https:\/\/radiostudiow.com.br\/site\/wp-json\/wp\/v2\/posts\/22196\/revisions\/22198"}],"wp:featuredmedia":[{"embeddable":true,"href":"https:\/\/radiostudiow.com.br\/site\/wp-json\/wp\/v2\/media\/22197"}],"wp:attachment":[{"href":"https:\/\/radiostudiow.com.br\/site\/wp-json\/wp\/v2\/media?parent=22196"}],"wp:term":[{"taxonomy":"category","embeddable":true,"href":"https:\/\/radiostudiow.com.br\/site\/wp-json\/wp\/v2\/categories?post=22196"},{"taxonomy":"post_tag","embeddable":true,"href":"https:\/\/radiostudiow.com.br\/site\/wp-json\/wp\/v2\/tags?post=22196"}],"curies":[{"name":"wp","href":"https:\/\/api.w.org\/{rel}","templated":true}]}}