{"id":22222,"date":"2024-05-03T10:51:17","date_gmt":"2024-05-03T13:51:17","guid":{"rendered":"https:\/\/radiostudiow.com.br\/site\/?p=22222"},"modified":"2025-01-31T14:59:23","modified_gmt":"2025-01-31T17:59:23","slug":"pm-e-acionada-apos-discussao-de-casal-na-area-rural-de-mallet","status":"publish","type":"post","link":"https:\/\/radiostudiow.com.br\/site\/2024\/05\/03\/pm-e-acionada-apos-discussao-de-casal-na-area-rural-de-mallet\/","title":{"rendered":"PM \u00e9 acionada ap\u00f3s discuss\u00e3o de casal na \u00e1rea rural de Mallet"},"content":{"rendered":"\n<p>Por volta das 22:56 horas dessa quarta-feira, 01\u00b0 de maio, a equipe da Pol\u00edcia Militar de Mallet realizou patrulhamento pela Zona Rural da cidade ap\u00f3s coletar informa\u00e7\u00f5es com moradores locais sobre uma situa\u00e7\u00e3o de les\u00e3o corporal.<\/p>\n\n\n\n<figure class=\"wp-block-image size-full\"><img decoding=\"async\" src=\"https:\/\/radiostudiow.com.br\/site\/wp-content\/uploads\/2024\/04\/SITE-MEDIO.png\" alt=\"\" class=\"wp-image-21854\"\/><\/figure>\n\n\n\n<p>De acordo com o relat\u00f3rio, a equipe policial conseguiu encontrar a resid\u00eancia de uma mulher, a qual passou a relatar que teve um desentendimento com seu marido, mas que ele j\u00e1 estava dormindo.<\/p>\n\n\n\n<p>A mulher n\u00e3o estava com marcas de agress\u00e3o e disse que foi apenas uma discuss\u00e3o, as quais s\u00e3o recorrentes quando seu marido ingere bebida alco\u00f3lica. Como provid\u00eancia policial, a solicitante foi orientada a solicitar medida protetiva perante a Pol\u00edcia Civil.<\/p>\n\n\n\n<figure class=\"wp-block-image size-full\"><img loading=\"lazy\" decoding=\"async\" width=\"897\" height=\"204\" src=\"https:\/\/radiostudiow.com.br\/site\/wp-content\/uploads\/2024\/04\/image-50.png\" alt=\"\" class=\"wp-image-21368\" srcset=\"https:\/\/radiostudiow.com.br\/site\/wp-content\/uploads\/2024\/04\/image-50.png 897w, https:\/\/radiostudiow.com.br\/site\/wp-content\/uploads\/2024\/04\/image-50-300x68.png 300w, https:\/\/radiostudiow.com.br\/site\/wp-content\/uploads\/2024\/04\/image-50-768x175.png 768w\" sizes=\"auto, (max-width: 897px) 100vw, 897px\" \/><\/figure>\n\n\n\n<p>Os policiais militares tamb\u00e9m orientaram a v\u00edtima, a procurar um advogado para um poss\u00edvel processo de separa\u00e7\u00e3o se assim achar pertinente.<\/p>\n","protected":false},"excerpt":{"rendered":"<p>Por volta das 22:56 horas dessa quarta-feira, 01\u00b0 de maio, a equipe da Pol\u00edcia Militar de Mallet realizou patrulhamento pela Zona Rural da cidade ap\u00f3s coletar informa\u00e7\u00f5es com moradores locais sobre uma situa\u00e7\u00e3o de les\u00e3o corporal. De acordo com o relat\u00f3rio, a equipe policial conseguiu encontrar a resid\u00eancia de uma mulher, a qual passou a [&hellip;]<\/p>\n","protected":false},"author":2,"featured_media":20237,"comment_status":"open","ping_status":"open","sticky":false,"template":"","format":"standard","meta":{"footnotes":""},"categories":[2],"tags":[172],"class_list":["post-22222","post","type-post","status-publish","format-standard","has-post-thumbnail","hentry","category-policial","tag-featured"],"amp_enabled":true,"_links":{"self":[{"href":"https:\/\/radiostudiow.com.br\/site\/wp-json\/wp\/v2\/posts\/22222","targetHints":{"allow":["GET"]}}],"collection":[{"href":"https:\/\/radiostudiow.com.br\/site\/wp-json\/wp\/v2\/posts"}],"about":[{"href":"https:\/\/radiostudiow.com.br\/site\/wp-json\/wp\/v2\/types\/post"}],"author":[{"embeddable":true,"href":"https:\/\/radiostudiow.com.br\/site\/wp-json\/wp\/v2\/users\/2"}],"replies":[{"embeddable":true,"href":"https:\/\/radiostudiow.com.br\/site\/wp-json\/wp\/v2\/comments?post=22222"}],"version-history":[{"count":1,"href":"https:\/\/radiostudiow.com.br\/site\/wp-json\/wp\/v2\/posts\/22222\/revisions"}],"predecessor-version":[{"id":22223,"href":"https:\/\/radiostudiow.com.br\/site\/wp-json\/wp\/v2\/posts\/22222\/revisions\/22223"}],"wp:featuredmedia":[{"embeddable":true,"href":"https:\/\/radiostudiow.com.br\/site\/wp-json\/wp\/v2\/media\/20237"}],"wp:attachment":[{"href":"https:\/\/radiostudiow.com.br\/site\/wp-json\/wp\/v2\/media?parent=22222"}],"wp:term":[{"taxonomy":"category","embeddable":true,"href":"https:\/\/radiostudiow.com.br\/site\/wp-json\/wp\/v2\/categories?post=22222"},{"taxonomy":"post_tag","embeddable":true,"href":"https:\/\/radiostudiow.com.br\/site\/wp-json\/wp\/v2\/tags?post=22222"}],"curies":[{"name":"wp","href":"https:\/\/api.w.org\/{rel}","templated":true}]}}