{"id":22230,"date":"2024-05-03T11:18:27","date_gmt":"2024-05-03T14:18:27","guid":{"rendered":"https:\/\/radiostudiow.com.br\/site\/?p=22230"},"modified":"2025-01-31T14:59:23","modified_gmt":"2025-01-31T17:59:23","slug":"incendio-em-carreta-na-br-153-e-controlado-pelo-corpo-de-bombeiros","status":"publish","type":"post","link":"https:\/\/radiostudiow.com.br\/site\/2024\/05\/03\/incendio-em-carreta-na-br-153-e-controlado-pelo-corpo-de-bombeiros\/","title":{"rendered":"Inc\u00eandio em carreta na BR-153 \u00e9 controlado pelo Corpo de Bombeiros"},"content":{"rendered":"\n<p>A equipe do Corpo de Bombeiros de Uni\u00e3o da Vit\u00f3ria foi acionada para atender a um inc\u00eandio em uma carreta carregada de gesso na BR-153, KM 1, na tarde desta quarta-feira, 01\u00b0 de maio.<\/p>\n\n\n\n<figure class=\"wp-block-image size-full\"><img decoding=\"async\" src=\"https:\/\/radiostudiow.com.br\/site\/wp-content\/uploads\/2024\/04\/image-59.png\" alt=\"\" class=\"wp-image-21426\"\/><\/figure>\n\n\n\n<p>De acordo com informa\u00e7\u00f5es, a condutora do ve\u00edculo percebeu fuma\u00e7a saindo da parte inferior da cabine, parou o caminh\u00e3o e acionou a corpora\u00e7\u00e3o. Ela e sua filha, que a acompanhava na viagem, n\u00e3o ficaram feridas.<\/p>\n\n\n\n<p>Ao chegarem ao local, os bombeiros combateram as chamas com aproximadamente 4 mil litros de \u00e1gua. A parte frontal da carreta, conhecida como cavalo, ficou completamente destru\u00edda, enquanto a parte traseira, o ba\u00fa, teve danos parciais.<\/p>\n\n\n\n<p>A equipe do Corpo de Bombeiros trabalha para extinguir o inc\u00eandio e garantir a seguran\u00e7a no local.<\/p>\n\n\n\n<figure class=\"wp-block-image size-full\"><img loading=\"lazy\" decoding=\"async\" width=\"598\" height=\"204\" src=\"https:\/\/radiostudiow.com.br\/site\/wp-content\/uploads\/2024\/04\/image-39.png\" alt=\"\" class=\"wp-image-21311\" srcset=\"https:\/\/radiostudiow.com.br\/site\/wp-content\/uploads\/2024\/04\/image-39.png 598w, https:\/\/radiostudiow.com.br\/site\/wp-content\/uploads\/2024\/04\/image-39-300x102.png 300w\" sizes=\"auto, (max-width: 598px) 100vw, 598px\" \/><\/figure>\n\n\n\n<figure class=\"wp-block-image size-full\"><img decoding=\"async\" src=\"https:\/\/radiostudiow.com.br\/site\/wp-content\/uploads\/2024\/05\/07.jpeg\" alt=\"\" class=\"wp-image-22232\"\/><\/figure>\n","protected":false},"excerpt":{"rendered":"<p>A equipe do Corpo de Bombeiros de Uni\u00e3o da Vit\u00f3ria foi acionada para atender a um inc\u00eandio em uma carreta carregada de gesso na BR-153, KM 1, na tarde desta quarta-feira, 01\u00b0 de maio. De acordo com informa\u00e7\u00f5es, a condutora do ve\u00edculo percebeu fuma\u00e7a saindo da parte inferior da cabine, parou o caminh\u00e3o e acionou [&hellip;]<\/p>\n","protected":false},"author":2,"featured_media":22231,"comment_status":"open","ping_status":"open","sticky":false,"template":"","format":"standard","meta":{"footnotes":""},"categories":[185],"tags":[172],"class_list":["post-22230","post","type-post","status-publish","format-standard","has-post-thumbnail","hentry","category-regional","tag-featured"],"amp_enabled":true,"_links":{"self":[{"href":"https:\/\/radiostudiow.com.br\/site\/wp-json\/wp\/v2\/posts\/22230","targetHints":{"allow":["GET"]}}],"collection":[{"href":"https:\/\/radiostudiow.com.br\/site\/wp-json\/wp\/v2\/posts"}],"about":[{"href":"https:\/\/radiostudiow.com.br\/site\/wp-json\/wp\/v2\/types\/post"}],"author":[{"embeddable":true,"href":"https:\/\/radiostudiow.com.br\/site\/wp-json\/wp\/v2\/users\/2"}],"replies":[{"embeddable":true,"href":"https:\/\/radiostudiow.com.br\/site\/wp-json\/wp\/v2\/comments?post=22230"}],"version-history":[{"count":1,"href":"https:\/\/radiostudiow.com.br\/site\/wp-json\/wp\/v2\/posts\/22230\/revisions"}],"predecessor-version":[{"id":22233,"href":"https:\/\/radiostudiow.com.br\/site\/wp-json\/wp\/v2\/posts\/22230\/revisions\/22233"}],"wp:featuredmedia":[{"embeddable":true,"href":"https:\/\/radiostudiow.com.br\/site\/wp-json\/wp\/v2\/media\/22231"}],"wp:attachment":[{"href":"https:\/\/radiostudiow.com.br\/site\/wp-json\/wp\/v2\/media?parent=22230"}],"wp:term":[{"taxonomy":"category","embeddable":true,"href":"https:\/\/radiostudiow.com.br\/site\/wp-json\/wp\/v2\/categories?post=22230"},{"taxonomy":"post_tag","embeddable":true,"href":"https:\/\/radiostudiow.com.br\/site\/wp-json\/wp\/v2\/tags?post=22230"}],"curies":[{"name":"wp","href":"https:\/\/api.w.org\/{rel}","templated":true}]}}