{"id":22241,"date":"2024-05-03T20:18:33","date_gmt":"2024-05-03T23:18:33","guid":{"rendered":"https:\/\/radiostudiow.com.br\/site\/?p=22241"},"modified":"2025-01-31T14:59:23","modified_gmt":"2025-01-31T17:59:23","slug":"em-paula-freitas-homem-procura-policia-apos-ser-ameacado-em-trabalho","status":"publish","type":"post","link":"https:\/\/radiostudiow.com.br\/site\/2024\/05\/03\/em-paula-freitas-homem-procura-policia-apos-ser-ameacado-em-trabalho\/","title":{"rendered":"Em Paula Freitas, homem procura pol\u00edcia ap\u00f3s ser amea\u00e7ado em trabalho"},"content":{"rendered":"\n<p>Um senhor, morador da Col\u00f4nia Luzia, compareceu ao Pelot\u00e3o da Pol\u00edcia Militar de Paula Freitas nesta quinta-feira, 02 de maio, relatando uma amea\u00e7a.<\/p>\n\n\n\n<figure class=\"wp-block-image size-full\"><img loading=\"lazy\" decoding=\"async\" width=\"897\" height=\"204\" src=\"https:\/\/radiostudiow.com.br\/site\/wp-content\/uploads\/2024\/04\/image-15.png\" alt=\"\" class=\"wp-image-21199\" srcset=\"https:\/\/radiostudiow.com.br\/site\/wp-content\/uploads\/2024\/04\/image-15.png 897w, https:\/\/radiostudiow.com.br\/site\/wp-content\/uploads\/2024\/04\/image-15-300x68.png 300w, https:\/\/radiostudiow.com.br\/site\/wp-content\/uploads\/2024\/04\/image-15-768x175.png 768w\" sizes=\"auto, (max-width: 897px) 100vw, 897px\" \/><\/figure>\n\n\n\n<p>De acordo com o solicitante, momento em que chegou no trabalho, por volta das 05 horas do dia 26 de abril, sexta-feira passada, foi amea\u00e7ado de morte por um masculino e pediu orienta\u00e7\u00e3o.<\/p>\n\n\n\n<p>Os policiais orientaram o solicitante quanto aos procedimentos cab\u00edveis junto \u00e0 Pol\u00edcia Judici\u00e1ria.<\/p>\n\n\n\n<figure class=\"wp-block-image size-full\"><img loading=\"lazy\" decoding=\"async\" width=\"590\" height=\"204\" src=\"https:\/\/radiostudiow.com.br\/site\/wp-content\/uploads\/2024\/04\/image-9.png\" alt=\"\" class=\"wp-image-21181\" srcset=\"https:\/\/radiostudiow.com.br\/site\/wp-content\/uploads\/2024\/04\/image-9.png 590w, https:\/\/radiostudiow.com.br\/site\/wp-content\/uploads\/2024\/04\/image-9-300x104.png 300w\" sizes=\"auto, (max-width: 590px) 100vw, 590px\" \/><\/figure>\n","protected":false},"excerpt":{"rendered":"<p>Um senhor, morador da Col\u00f4nia Luzia, compareceu ao Pelot\u00e3o da Pol\u00edcia Militar de Paula Freitas nesta quinta-feira, 02 de maio, relatando uma amea\u00e7a. De acordo com o solicitante, momento em que chegou no trabalho, por volta das 05 horas do dia 26 de abril, sexta-feira passada, foi amea\u00e7ado de morte por um masculino e pediu [&hellip;]<\/p>\n","protected":false},"author":2,"featured_media":13898,"comment_status":"open","ping_status":"open","sticky":false,"template":"","format":"standard","meta":{"footnotes":""},"categories":[2],"tags":[172],"class_list":["post-22241","post","type-post","status-publish","format-standard","has-post-thumbnail","hentry","category-policial","tag-featured"],"amp_enabled":true,"_links":{"self":[{"href":"https:\/\/radiostudiow.com.br\/site\/wp-json\/wp\/v2\/posts\/22241","targetHints":{"allow":["GET"]}}],"collection":[{"href":"https:\/\/radiostudiow.com.br\/site\/wp-json\/wp\/v2\/posts"}],"about":[{"href":"https:\/\/radiostudiow.com.br\/site\/wp-json\/wp\/v2\/types\/post"}],"author":[{"embeddable":true,"href":"https:\/\/radiostudiow.com.br\/site\/wp-json\/wp\/v2\/users\/2"}],"replies":[{"embeddable":true,"href":"https:\/\/radiostudiow.com.br\/site\/wp-json\/wp\/v2\/comments?post=22241"}],"version-history":[{"count":2,"href":"https:\/\/radiostudiow.com.br\/site\/wp-json\/wp\/v2\/posts\/22241\/revisions"}],"predecessor-version":[{"id":22258,"href":"https:\/\/radiostudiow.com.br\/site\/wp-json\/wp\/v2\/posts\/22241\/revisions\/22258"}],"wp:featuredmedia":[{"embeddable":true,"href":"https:\/\/radiostudiow.com.br\/site\/wp-json\/wp\/v2\/media\/13898"}],"wp:attachment":[{"href":"https:\/\/radiostudiow.com.br\/site\/wp-json\/wp\/v2\/media?parent=22241"}],"wp:term":[{"taxonomy":"category","embeddable":true,"href":"https:\/\/radiostudiow.com.br\/site\/wp-json\/wp\/v2\/categories?post=22241"},{"taxonomy":"post_tag","embeddable":true,"href":"https:\/\/radiostudiow.com.br\/site\/wp-json\/wp\/v2\/tags?post=22241"}],"curies":[{"name":"wp","href":"https:\/\/api.w.org\/{rel}","templated":true}]}}