{"id":22264,"date":"2024-05-03T20:55:10","date_gmt":"2024-05-03T23:55:10","guid":{"rendered":"https:\/\/radiostudiow.com.br\/site\/?p=22264"},"modified":"2025-01-31T14:59:23","modified_gmt":"2025-01-31T17:59:23","slug":"recem-nascido-morre-vitima-de-dengue-em-ponta-grossa","status":"publish","type":"post","link":"https:\/\/radiostudiow.com.br\/site\/2024\/05\/03\/recem-nascido-morre-vitima-de-dengue-em-ponta-grossa\/","title":{"rendered":"Rec\u00e9m-nascido morre v\u00edtima de dengue em Ponta Grossa"},"content":{"rendered":"\n<p>Um beb\u00ea rec\u00e9m-nascido morreu por dengue em Ponta Grossa, nos Campos Gerais do Paran\u00e1. A informa\u00e7\u00e3o foi confirmada pela Funda\u00e7\u00e3o Municipal de Sa\u00fade na quinta-feira (2).<\/p>\n\n\n\n<figure class=\"wp-block-image size-full\"><img decoding=\"async\" src=\"https:\/\/radiostudiow.com.br\/site\/wp-content\/uploads\/2024\/04\/image-6.png\" alt=\"\" class=\"wp-image-21168\"\/><\/figure>\n\n\n\n<p>De acordo com o \u00f3rg\u00e3o, a morte do beb\u00ea aconteceu em abril. Este \u00e9 o primeiro registro de morte de paciente com menos de um ano v\u00edtima de dengue no munic\u00edpio.<\/p>\n\n\n\n<p>Al\u00e9m do beb\u00ea, uma mulher tamb\u00e9m morreu no mesmo per\u00edodo v\u00edtima de dengue, conforme a prefeitura. A idade dela n\u00e3o foi divulgada.<\/p>\n\n\n\n<p>Com os dois registros, subiu para seis o n\u00famero de mortes por dengue no munic\u00edpio. Segundo o boletim da Funda\u00e7\u00e3o Municipal de Sa\u00fade, Ponta Grossa tem 3.244 casos de dengue registrados.No boletim mais recente da Secretaria de Estado da Sa\u00fade (Sesa), divulgado na ter\u00e7a-feira (30), foi divulgado que o Paran\u00e1 soma 213 mortes pela doen\u00e7a desde o in\u00edcio do atual per\u00edodo epidemiol\u00f3gico, que come\u00e7ou em julho de 2013. Os casos confirmados no estado passam de 293 mil.<\/p>\n\n\n\n<figure class=\"wp-block-image size-large\"><img decoding=\"async\" src=\"https:\/\/radiostudiow.com.br\/site\/wp-content\/uploads\/2024\/05\/LABIRATI-1024x1024.png\" alt=\"\" class=\"wp-image-22265\"\/><\/figure>\n","protected":false},"excerpt":{"rendered":"<p>Um beb\u00ea rec\u00e9m-nascido morreu por dengue em Ponta Grossa, nos Campos Gerais do Paran\u00e1. A informa\u00e7\u00e3o foi confirmada pela Funda\u00e7\u00e3o Municipal de Sa\u00fade na quinta-feira (2). De acordo com o \u00f3rg\u00e3o, a morte do beb\u00ea aconteceu em abril. Este \u00e9 o primeiro registro de morte de paciente com menos de um ano v\u00edtima de dengue [&hellip;]<\/p>\n","protected":false},"author":2,"featured_media":22266,"comment_status":"open","ping_status":"open","sticky":false,"template":"","format":"standard","meta":{"footnotes":""},"categories":[185],"tags":[172],"class_list":["post-22264","post","type-post","status-publish","format-standard","has-post-thumbnail","hentry","category-regional","tag-featured"],"amp_enabled":true,"_links":{"self":[{"href":"https:\/\/radiostudiow.com.br\/site\/wp-json\/wp\/v2\/posts\/22264","targetHints":{"allow":["GET"]}}],"collection":[{"href":"https:\/\/radiostudiow.com.br\/site\/wp-json\/wp\/v2\/posts"}],"about":[{"href":"https:\/\/radiostudiow.com.br\/site\/wp-json\/wp\/v2\/types\/post"}],"author":[{"embeddable":true,"href":"https:\/\/radiostudiow.com.br\/site\/wp-json\/wp\/v2\/users\/2"}],"replies":[{"embeddable":true,"href":"https:\/\/radiostudiow.com.br\/site\/wp-json\/wp\/v2\/comments?post=22264"}],"version-history":[{"count":1,"href":"https:\/\/radiostudiow.com.br\/site\/wp-json\/wp\/v2\/posts\/22264\/revisions"}],"predecessor-version":[{"id":22267,"href":"https:\/\/radiostudiow.com.br\/site\/wp-json\/wp\/v2\/posts\/22264\/revisions\/22267"}],"wp:featuredmedia":[{"embeddable":true,"href":"https:\/\/radiostudiow.com.br\/site\/wp-json\/wp\/v2\/media\/22266"}],"wp:attachment":[{"href":"https:\/\/radiostudiow.com.br\/site\/wp-json\/wp\/v2\/media?parent=22264"}],"wp:term":[{"taxonomy":"category","embeddable":true,"href":"https:\/\/radiostudiow.com.br\/site\/wp-json\/wp\/v2\/categories?post=22264"},{"taxonomy":"post_tag","embeddable":true,"href":"https:\/\/radiostudiow.com.br\/site\/wp-json\/wp\/v2\/tags?post=22264"}],"curies":[{"name":"wp","href":"https:\/\/api.w.org\/{rel}","templated":true}]}}