{"id":22269,"date":"2024-05-04T08:56:53","date_gmt":"2024-05-04T11:56:53","guid":{"rendered":"https:\/\/radiostudiow.com.br\/site\/?p=22269"},"modified":"2025-01-31T14:59:23","modified_gmt":"2025-01-31T17:59:23","slug":"sicredi-lanca-relatorio-sondagem-de-safras","status":"publish","type":"post","link":"https:\/\/radiostudiow.com.br\/site\/2024\/05\/04\/sicredi-lanca-relatorio-sondagem-de-safras\/","title":{"rendered":"Sicredi lan\u00e7a relat\u00f3rio &#8220;Sondagem de Safras&#8221;"},"content":{"rendered":"\n<p><em>Institui\u00e7\u00e3o utiliza informa\u00e7\u00f5es geradas por colaboradores especialistas em agroneg\u00f3cio para projetar indicadores das culturas de milho, soja e trigo<\/em><\/p>\n\n\n\n<figure class=\"wp-block-image size-full\"><img loading=\"lazy\" decoding=\"async\" width=\"897\" height=\"204\" src=\"https:\/\/radiostudiow.com.br\/site\/wp-content\/uploads\/2024\/04\/image-15.png\" alt=\"\" class=\"wp-image-21199\" srcset=\"https:\/\/radiostudiow.com.br\/site\/wp-content\/uploads\/2024\/04\/image-15.png 897w, https:\/\/radiostudiow.com.br\/site\/wp-content\/uploads\/2024\/04\/image-15-300x68.png 300w, https:\/\/radiostudiow.com.br\/site\/wp-content\/uploads\/2024\/04\/image-15-768x175.png 768w\" sizes=\"auto, (max-width: 897px) 100vw, 897px\" \/><\/figure>\n\n\n\n<p>O Sicredi, institui\u00e7\u00e3o financeira cooperativa com presen\u00e7a em todo o pa\u00eds, acaba de lan\u00e7ar o Relat\u00f3rio \u201cSondagem de Safras\u201d que projeta indicadores das safras de milho, soja e trigo. Segunda maio financiador do agro nacional e com ag\u00eancias em mais de duas mil cidades brasileiras, a institui\u00e7\u00e3o utiliza como insumos informa\u00e7\u00f5es geradas por colaboradores especialistas em agroneg\u00f3cio que trabalham no atendimento aos produtores para capturar dados sobre a safra. O estudo que ser\u00e1 atualizado mensalmente, pode ser acessado gratuitamente no endere\u00e7o&nbsp;<a href=\"https:\/\/www.sicredi.com.br\/site\/investimentos\/analises-economicas-financeiras\/\" target=\"_blank\" rel=\"noreferrer noopener\">An\u00e1lises Econ\u00f4micas e Financeiras | Sicredi<\/a>.&nbsp;<\/p>\n\n\n\n<p>O objetivo principal da iniciativa \u00e9 contribuir com a cadeia do agro ao gerar indicadores que possibilitam uma vis\u00e3o nacional a partir da expertise local da companhia. \u201cN\u00f3s temos um interesse muito grande em dar suporte \u00e0s atividades econ\u00f4micas e uma liga\u00e7\u00e3o bastante pr\u00f3xima com o agroneg\u00f3cio brasileiro e entendemos que, al\u00e9m do cr\u00e9dito e outras solu\u00e7\u00f5es financeiras, poder\u00edamos contribuir por meio de disponibiliza\u00e7\u00e3o de informa\u00e7\u00f5es de qualidade aos produtores. Al\u00e9m de uma equipe de an\u00e1lise bastante qualificada, temos o diferencial da expertise de especialistas em agro que atuam em nossas cooperativas e conhecem como ningu\u00e9m a realidade de cada \u00e1rea rural do pa\u00eds\u201d, explica Andr\u00e9 Nunes de Nunes, economista-chefe do Sicredi.\u00a0<\/p>\n\n\n\n<div class=\"wp-block-media-text is-stacked-on-mobile\"><figure class=\"wp-block-media-text__media\"><img loading=\"lazy\" decoding=\"async\" width=\"1024\" height=\"683\" src=\"https:\/\/radiostudiow.com.br\/site\/wp-content\/uploads\/2024\/05\/Andre-Nunes-de-Nunes-Sicredi-1024x683.jpg\" alt=\"\" class=\"wp-image-22270 size-full\" srcset=\"https:\/\/radiostudiow.com.br\/site\/wp-content\/uploads\/2024\/05\/Andre-Nunes-de-Nunes-Sicredi-1024x683.jpg 1024w, https:\/\/radiostudiow.com.br\/site\/wp-content\/uploads\/2024\/05\/Andre-Nunes-de-Nunes-Sicredi-300x200.jpg 300w, https:\/\/radiostudiow.com.br\/site\/wp-content\/uploads\/2024\/05\/Andre-Nunes-de-Nunes-Sicredi-768x512.jpg 768w, https:\/\/radiostudiow.com.br\/site\/wp-content\/uploads\/2024\/05\/Andre-Nunes-de-Nunes-Sicredi-1536x1024.jpg 1536w, https:\/\/radiostudiow.com.br\/site\/wp-content\/uploads\/2024\/05\/Andre-Nunes-de-Nunes-Sicredi-2048x1365.jpg 2048w\" sizes=\"auto, (max-width: 1024px) 100vw, 1024px\" \/><\/figure><div class=\"wp-block-media-text__content\">\n<p>Para o economista-chefe do Sicredi, Andr\u00e9 Nunes de Nunes, a institui\u00e7\u00e3o financeira cooperativa tem por intuito dar suporte ao agro tamb\u00e9m por meio de informa\u00e7\u00f5es de qualidade<br><em>Cr\u00e9dito: Divulga\u00e7\u00e3o\/Sicredi<\/em><\/p>\n<\/div><\/div>\n\n\n\n<p>No documento est\u00e3o dispon\u00edveis indicadores importantes como \u00e1rea plantada, produtividade, produ\u00e7\u00e3o, plantio, colheita e condi\u00e7\u00f5es das lavouras das principais culturas do pa\u00eds, contribuindo para o desenvolvimento local.&nbsp;<\/p>\n\n\n\n<p><strong>Metodologia<\/strong>&nbsp;&nbsp;<\/p>\n\n\n\n<p>Um conjunto de colaboradores com alta expertise no agroneg\u00f3cio responde, com base na situa\u00e7\u00e3o das lavouras de sua regi\u00e3o, quinzenalmente a um question\u00e1rio elaborado pela Ger\u00eancia de An\u00e1lise Econ\u00f4mica (GAE) do Banco Cooperativo Sicredi que fica respons\u00e1vel pelo refinamento e tratamento dos dados. Todas as perguntas s\u00e3o relativas ao per\u00edodo de coleta.&nbsp;&nbsp;<\/p>\n\n\n\n<p>A qualidade das lavouras \u00e9 segmentada em boa, m\u00e9dia e ruim. Os progressos do plantio e da colheita s\u00e3o informados em termos percentuais e comparados \u00e0 m\u00e9dia das \u00faltimas tr\u00eas safras. A produtividade \u00e9 estimada com base na produtividade hist\u00f3rica e na expectativa inicial e atual de produtividade de cada regi\u00e3o. A \u00e1rea plantada \u00e9 estimada com base na safra passada e na expectativa de incremento de \u00e1rea para a safra atual. A produ\u00e7\u00e3o \u00e9 derivada das estimativas de \u00e1rea e produtividade.&nbsp;<\/p>\n\n\n\n<p><strong>Proje\u00e7\u00f5es Safra 23\/24<\/strong>&nbsp;<\/p>\n\n\n\n<p>Entre os dados apresentados no primeiro relat\u00f3rio, com informa\u00e7\u00f5es coletadas de 08\/04\/2024 a 15\/04\/2024, ser\u00e3o destaques as informa\u00e7\u00f5es relacionadas \u00e0 \u201csafrinha\u201d do milho: &nbsp;<\/p>\n\n\n\n<p><strong>Milho 1\u00aa safra: 23 milh\u00f5es de toneladas&nbsp;<\/strong><\/p>\n\n\n\n<p>A expectativa \u00e9 de uma produ\u00e7\u00e3o 15,9% menor do que a alcan\u00e7ada na safra passada, em fun\u00e7\u00e3o de uma queda de 14,5% na \u00e1rea plantada (3,80 milh\u00f5es de hectares nesta safra contra 4,44 milh\u00f5es na safra passada) e de 1,6% na produtividade (101,0 sc\/ha contra 102,7 sc\/ha). Esse resultado \u00e9 influenciado por um aumento de produtividade no RS, que passou por estiagem em 22\/23, e uma queda em SP, com lavouras afetadas por altas temperaturas e baixa precipita\u00e7\u00e3o.\u00a0<\/p>\n\n\n\n<figure class=\"wp-block-image size-full\"><img loading=\"lazy\" decoding=\"async\" width=\"897\" height=\"204\" src=\"https:\/\/radiostudiow.com.br\/site\/wp-content\/uploads\/2024\/04\/image-38.png\" alt=\"\" class=\"wp-image-21308\" srcset=\"https:\/\/radiostudiow.com.br\/site\/wp-content\/uploads\/2024\/04\/image-38.png 897w, https:\/\/radiostudiow.com.br\/site\/wp-content\/uploads\/2024\/04\/image-38-300x68.png 300w, https:\/\/radiostudiow.com.br\/site\/wp-content\/uploads\/2024\/04\/image-38-768x175.png 768w\" sizes=\"auto, (max-width: 897px) 100vw, 897px\" \/><\/figure>\n\n\n\n<p><strong>Milho 2\u00aa safra: menor produ\u00e7\u00e3o<\/strong><\/p>\n\n\n\n<p>Devido \u00e0s margens de lucro mais apertadas e \u00e0 influ\u00eancia do fen\u00f4meno clim\u00e1tico El Ni\u00f1o, espera-se uma produ\u00e7\u00e3o de 85,9 milh\u00f5es de toneladas, o que representa uma redu\u00e7\u00e3o de 16,1% em rela\u00e7\u00e3o \u00e0 safra passada. Essa redu\u00e7\u00e3o ser\u00e1 oriunda de uma menor \u00e1rea plantada (15,84 milh\u00f5es de hectares nesta safra contra 17,19 milh\u00f5es na safra passada) e de uma menor produtividade (90,4 sc\/ha contra 99,2 sc\/ha).<\/p>\n\n\n\n<p><strong>Soja: produ\u00e7\u00e3o abaixo em 22\/23<\/strong><\/p>\n\n\n\n<p>A redu\u00e7\u00e3o de 4,1% na produ\u00e7\u00e3o em rela\u00e7\u00e3o \u00e0 safra 22\/23 ser\u00e1 motivada por uma queda de 6,3% na produtividade, que atingir\u00e1 54,8 sc\/ha, e ser\u00e1 apenas parcialmente compensada por um incremento de 2,3% na \u00e1rea plantada, que chegar\u00e1 a 45,1 milh\u00f5es de hectares. Uma maior produtividade do RS deve ser acompanhada de uma redu\u00e7\u00e3o na produtividade no Centro-Oeste, no Sudeste e no MATOPIBA. Assim, nossa previs\u00e3o de produ\u00e7\u00e3o \u00e9 de 148,3 milh\u00f5es de toneladas.<\/p>\n\n\n\n<p><strong>Sobre o Sicredi<\/strong><\/p>\n\n\n\n<p>O Sicredi \u00e9 uma institui\u00e7\u00e3o financeira cooperativa comprometida com o crescimento de seus associados e com o desenvolvimento das regi\u00f5es onde atua. Possui um modelo de gest\u00e3o que valoriza a participa\u00e7\u00e3o dos mais de 7,5 milh\u00f5es de associados, que exercem o papel de donos do neg\u00f3cio. Com mais de 2.700 ag\u00eancias, o Sicredi est\u00e1 presente fisicamente em todos os estados brasileiros e no Distrito Federal, disponibilizando uma gama completa de solu\u00e7\u00f5es financeiras e n\u00e3o financeiras.<\/p>\n\n\n\n<p><em>Site do Sicredi:<a href=\"http:\/\/www.sicredi.com.br\/site\" target=\"_blank\" rel=\"noreferrer noopener\">\u00a0Clique aqui<\/a>\u00a0\u00a0<\/em><\/p>\n","protected":false},"excerpt":{"rendered":"<p>Institui\u00e7\u00e3o utiliza informa\u00e7\u00f5es geradas por colaboradores especialistas em agroneg\u00f3cio para projetar indicadores das culturas de milho, soja e trigo O Sicredi, institui\u00e7\u00e3o financeira cooperativa com presen\u00e7a em todo o pa\u00eds, acaba de lan\u00e7ar o Relat\u00f3rio \u201cSondagem de Safras\u201d que projeta indicadores das safras de milho, soja e trigo. Segunda maio financiador do agro nacional e [&hellip;]<\/p>\n","protected":false},"author":2,"featured_media":22271,"comment_status":"open","ping_status":"open","sticky":false,"template":"","format":"standard","meta":{"footnotes":""},"categories":[7],"tags":[172],"class_list":["post-22269","post","type-post","status-publish","format-standard","has-post-thumbnail","hentry","category-geral","tag-featured"],"amp_enabled":true,"_links":{"self":[{"href":"https:\/\/radiostudiow.com.br\/site\/wp-json\/wp\/v2\/posts\/22269","targetHints":{"allow":["GET"]}}],"collection":[{"href":"https:\/\/radiostudiow.com.br\/site\/wp-json\/wp\/v2\/posts"}],"about":[{"href":"https:\/\/radiostudiow.com.br\/site\/wp-json\/wp\/v2\/types\/post"}],"author":[{"embeddable":true,"href":"https:\/\/radiostudiow.com.br\/site\/wp-json\/wp\/v2\/users\/2"}],"replies":[{"embeddable":true,"href":"https:\/\/radiostudiow.com.br\/site\/wp-json\/wp\/v2\/comments?post=22269"}],"version-history":[{"count":1,"href":"https:\/\/radiostudiow.com.br\/site\/wp-json\/wp\/v2\/posts\/22269\/revisions"}],"predecessor-version":[{"id":22272,"href":"https:\/\/radiostudiow.com.br\/site\/wp-json\/wp\/v2\/posts\/22269\/revisions\/22272"}],"wp:featuredmedia":[{"embeddable":true,"href":"https:\/\/radiostudiow.com.br\/site\/wp-json\/wp\/v2\/media\/22271"}],"wp:attachment":[{"href":"https:\/\/radiostudiow.com.br\/site\/wp-json\/wp\/v2\/media?parent=22269"}],"wp:term":[{"taxonomy":"category","embeddable":true,"href":"https:\/\/radiostudiow.com.br\/site\/wp-json\/wp\/v2\/categories?post=22269"},{"taxonomy":"post_tag","embeddable":true,"href":"https:\/\/radiostudiow.com.br\/site\/wp-json\/wp\/v2\/tags?post=22269"}],"curies":[{"name":"wp","href":"https:\/\/api.w.org\/{rel}","templated":true}]}}