{"id":22273,"date":"2024-05-04T09:59:41","date_gmt":"2024-05-04T12:59:41","guid":{"rendered":"https:\/\/radiostudiow.com.br\/site\/?p=22273"},"modified":"2025-01-31T14:59:23","modified_gmt":"2025-01-31T17:59:23","slug":"homem-e-preso-na-br-153-por-embriaguez-ao-volante-em-mallet","status":"publish","type":"post","link":"https:\/\/radiostudiow.com.br\/site\/2024\/05\/04\/homem-e-preso-na-br-153-por-embriaguez-ao-volante-em-mallet\/","title":{"rendered":"Homem \u00e9 preso na BR-153 por embriaguez ao volante em Mallet"},"content":{"rendered":"\n<p>Ap\u00f3s den\u00fancia an\u00f4nima, equipe da Pol\u00edcia Militar de Mallet prendeu um homem por embriaguez ao volante por volta das 22 horas dessa sexta-feira (03).<\/p>\n\n\n\n<figure class=\"wp-block-image size-full\"><img decoding=\"async\" src=\"https:\/\/radiostudiow.com.br\/site\/wp-content\/uploads\/2024\/04\/SITE-MEDIO.png\" alt=\"\" class=\"wp-image-21854\"\/><\/figure>\n\n\n\n<p>De acordo com a den\u00fancia, havia um ve\u00edculo FIAT\/PALIO andando em zigue-zague na rodovia BR-153 entre os munic\u00edpios de Paulo Fronton e Mallet, possivelmente com o condutor embriagado, onde quase teria causado um acidente.<\/p>\n\n\n\n<p>De imediato os policiais se deslocaram at\u00e9 o local, quando no primeiro trevo de acesso a cidade de Mallet obteve \u00eaxito em localizar o ve\u00edculo, realizado abordagem, durante a identifica\u00e7\u00e3o do condutor, os policiais constataram que o mesmo apresentava estar visivelmente alterado.<\/p>\n\n\n\n<figure class=\"wp-block-image size-full\"><img decoding=\"async\" src=\"https:\/\/radiostudiow.com.br\/site\/wp-content\/uploads\/2024\/04\/image-47.png\" alt=\"\" class=\"wp-image-21404\"\/><\/figure>\n\n\n\n<p>A equipe policial ofereceu teste do etil\u00f4metro, o qual detectou a presen\u00e7a de \u00e1lcool et\u00edlico.<\/p>\n\n\n\n<p>Diante da situa\u00e7\u00e3o, foi lido os direitos constitucionais e dado voz de pris\u00e3o ao autor, em seguida foi entregue na 4\u00aa SDP em Uni\u00e3o da Vit\u00f3ria.<\/p>\n","protected":false},"excerpt":{"rendered":"<p>Ap\u00f3s den\u00fancia an\u00f4nima, equipe da Pol\u00edcia Militar de Mallet prendeu um homem por embriaguez ao volante por volta das 22 horas dessa sexta-feira (03). De acordo com a den\u00fancia, havia um ve\u00edculo FIAT\/PALIO andando em zigue-zague na rodovia BR-153 entre os munic\u00edpios de Paulo Fronton e Mallet, possivelmente com o condutor embriagado, onde quase teria [&hellip;]<\/p>\n","protected":false},"author":2,"featured_media":21203,"comment_status":"open","ping_status":"open","sticky":false,"template":"","format":"standard","meta":{"footnotes":""},"categories":[2],"tags":[172],"class_list":["post-22273","post","type-post","status-publish","format-standard","has-post-thumbnail","hentry","category-policial","tag-featured"],"amp_enabled":true,"_links":{"self":[{"href":"https:\/\/radiostudiow.com.br\/site\/wp-json\/wp\/v2\/posts\/22273","targetHints":{"allow":["GET"]}}],"collection":[{"href":"https:\/\/radiostudiow.com.br\/site\/wp-json\/wp\/v2\/posts"}],"about":[{"href":"https:\/\/radiostudiow.com.br\/site\/wp-json\/wp\/v2\/types\/post"}],"author":[{"embeddable":true,"href":"https:\/\/radiostudiow.com.br\/site\/wp-json\/wp\/v2\/users\/2"}],"replies":[{"embeddable":true,"href":"https:\/\/radiostudiow.com.br\/site\/wp-json\/wp\/v2\/comments?post=22273"}],"version-history":[{"count":3,"href":"https:\/\/radiostudiow.com.br\/site\/wp-json\/wp\/v2\/posts\/22273\/revisions"}],"predecessor-version":[{"id":22279,"href":"https:\/\/radiostudiow.com.br\/site\/wp-json\/wp\/v2\/posts\/22273\/revisions\/22279"}],"wp:featuredmedia":[{"embeddable":true,"href":"https:\/\/radiostudiow.com.br\/site\/wp-json\/wp\/v2\/media\/21203"}],"wp:attachment":[{"href":"https:\/\/radiostudiow.com.br\/site\/wp-json\/wp\/v2\/media?parent=22273"}],"wp:term":[{"taxonomy":"category","embeddable":true,"href":"https:\/\/radiostudiow.com.br\/site\/wp-json\/wp\/v2\/categories?post=22273"},{"taxonomy":"post_tag","embeddable":true,"href":"https:\/\/radiostudiow.com.br\/site\/wp-json\/wp\/v2\/tags?post=22273"}],"curies":[{"name":"wp","href":"https:\/\/api.w.org\/{rel}","templated":true}]}}