{"id":22275,"date":"2024-05-04T11:56:38","date_gmt":"2024-05-04T14:56:38","guid":{"rendered":"https:\/\/radiostudiow.com.br\/site\/?p=22275"},"modified":"2025-01-31T14:59:23","modified_gmt":"2025-01-31T17:59:23","slug":"motorista-perde-o-controle-da-direcao-e-atinge-placa-de-calcada-no-centro-de-sao-mateus-do-sul","status":"publish","type":"post","link":"https:\/\/radiostudiow.com.br\/site\/2024\/05\/04\/motorista-perde-o-controle-da-direcao-e-atinge-placa-de-calcada-no-centro-de-sao-mateus-do-sul\/","title":{"rendered":"Motorista perde o controle da dire\u00e7\u00e3o e atinge placa de cal\u00e7ada no centro de S\u00e3o Mateus do Sul"},"content":{"rendered":"\n<p>Motorista de um ve\u00edculo perdeu o controle da dire\u00e7\u00e3o e invadiu a Rua do Mathe, no Centro de S\u00e3o Mateus do Sul na madrugada deste s\u00e1bado (04).<\/p>\n\n\n\n<figure class=\"wp-block-image size-full\"><img decoding=\"async\" src=\"https:\/\/radiostudiow.com.br\/site\/wp-content\/uploads\/2024\/04\/image-42.png\" alt=\"\" class=\"wp-image-21334\"\/><\/figure>\n\n\n\n<p>Alguns profissionais que trabalhavam no momento em que aconteceu o acidente, disseram \u00e0 reportagem do&nbsp;<strong>Portal RDX<\/strong>&nbsp;que o carro vinha pela Avenida Ozy Mendon\u00e7a de Lima em alta velocidade, quando ao fazer o contorno na rotat\u00f3ria, acabou perdendo o controle da dire\u00e7\u00e3o e atingiu a estrutura de metal da Rua do Mathe e as barracas que haviam sido montadas embaixo da cobertura.<\/p>\n\n\n\n<p>Uma viga de ferro e o meio fio foram danificados, al\u00e9m de uma lixeira que foi arrancada por conta do acidente. Por sorte, ningu\u00e9m ficou ferido. A Pol\u00edcia Militar informou que n\u00e3o houve nenhuma solicita\u00e7\u00e3o para atender a ocorr\u00eancia.<\/p>\n\n\n\n<figure class=\"wp-block-image size-full\"><img loading=\"lazy\" decoding=\"async\" width=\"300\" height=\"180\" src=\"https:\/\/radiostudiow.com.br\/site\/wp-content\/uploads\/2024\/04\/SITE-PEQUENO.png\" alt=\"\" class=\"wp-image-21712\"\/><\/figure>\n\n\n\n<p>\u00c9 importante lembrar que na Rua do Mathe toda sexta-feira \u00e0 noite acontece a Feira Gastron\u00f4mica, e aos s\u00e1bados de manh\u00e3, a Feira Livre do Produtor. E por conta disso, profissionais montam as barracas j\u00e1 pela madrugada, j\u00e1 que a feira do s\u00e1bado come\u00e7a \u00e0s 7h.<\/p>\n","protected":false},"excerpt":{"rendered":"<p>Motorista de um ve\u00edculo perdeu o controle da dire\u00e7\u00e3o e invadiu a Rua do Mathe, no Centro de S\u00e3o Mateus do Sul na madrugada deste s\u00e1bado (04). Alguns profissionais que trabalhavam no momento em que aconteceu o acidente, disseram \u00e0 reportagem do&nbsp;Portal RDX&nbsp;que o carro vinha pela Avenida Ozy Mendon\u00e7a de Lima em alta velocidade, [&hellip;]<\/p>\n","protected":false},"author":2,"featured_media":22276,"comment_status":"open","ping_status":"open","sticky":false,"template":"","format":"standard","meta":{"footnotes":""},"categories":[2],"tags":[172],"class_list":["post-22275","post","type-post","status-publish","format-standard","has-post-thumbnail","hentry","category-policial","tag-featured"],"amp_enabled":true,"_links":{"self":[{"href":"https:\/\/radiostudiow.com.br\/site\/wp-json\/wp\/v2\/posts\/22275","targetHints":{"allow":["GET"]}}],"collection":[{"href":"https:\/\/radiostudiow.com.br\/site\/wp-json\/wp\/v2\/posts"}],"about":[{"href":"https:\/\/radiostudiow.com.br\/site\/wp-json\/wp\/v2\/types\/post"}],"author":[{"embeddable":true,"href":"https:\/\/radiostudiow.com.br\/site\/wp-json\/wp\/v2\/users\/2"}],"replies":[{"embeddable":true,"href":"https:\/\/radiostudiow.com.br\/site\/wp-json\/wp\/v2\/comments?post=22275"}],"version-history":[{"count":2,"href":"https:\/\/radiostudiow.com.br\/site\/wp-json\/wp\/v2\/posts\/22275\/revisions"}],"predecessor-version":[{"id":22281,"href":"https:\/\/radiostudiow.com.br\/site\/wp-json\/wp\/v2\/posts\/22275\/revisions\/22281"}],"wp:featuredmedia":[{"embeddable":true,"href":"https:\/\/radiostudiow.com.br\/site\/wp-json\/wp\/v2\/media\/22276"}],"wp:attachment":[{"href":"https:\/\/radiostudiow.com.br\/site\/wp-json\/wp\/v2\/media?parent=22275"}],"wp:term":[{"taxonomy":"category","embeddable":true,"href":"https:\/\/radiostudiow.com.br\/site\/wp-json\/wp\/v2\/categories?post=22275"},{"taxonomy":"post_tag","embeddable":true,"href":"https:\/\/radiostudiow.com.br\/site\/wp-json\/wp\/v2\/tags?post=22275"}],"curies":[{"name":"wp","href":"https:\/\/api.w.org\/{rel}","templated":true}]}}