{"id":22287,"date":"2024-05-06T09:27:17","date_gmt":"2024-05-06T12:27:17","guid":{"rendered":"https:\/\/radiostudiow.com.br\/site\/?p=22287"},"modified":"2025-01-31T14:59:23","modified_gmt":"2025-01-31T17:59:23","slug":"sicredi-centro-sul-pr-sc-rj-recebe-o-selo-de-reconhecimento-no-nivel-compromisso-com-a-excelencia-do-pegcoop","status":"publish","type":"post","link":"https:\/\/radiostudiow.com.br\/site\/2024\/05\/06\/sicredi-centro-sul-pr-sc-rj-recebe-o-selo-de-reconhecimento-no-nivel-compromisso-com-a-excelencia-do-pegcoop\/","title":{"rendered":"Sicredi Centro Sul PR\/SC\/RJ recebe o Selo de Reconhecimento no n\u00edvel \u201cCompromisso com a Excel\u00eancia\u201d do PEGCoop"},"content":{"rendered":"\n<p><em>Durante o evento as cooperativas foram reconhecidas pelas boas pr\u00e1ticas de gest\u00e3o e governan\u00e7a<\/em><\/p>\n\n\n\n<p>A Sicredi Centro Sul PR\/SC\/RJ, uma das 100 cooperativas integrantes do sistema Sicredi, com mais de 500 colaboradores, 30 ag\u00eancias e atuando em tr\u00eas estados: Paran\u00e1, Santa Catarina e Rio de Janeiro, participou do Pr\u00eamio SomosCoop Excel\u00eancia em Gest\u00e3o de 2023 e recebeu o Selo de Reconhecimento no n\u00edvel \u201cCompromisso com a Excel\u00eancia\u201d. Este reconhecimento se estende aos ciclos de 2024 e 2025.<\/p>\n\n\n\n<figure class=\"wp-block-image size-full\"><img loading=\"lazy\" decoding=\"async\" width=\"897\" height=\"204\" src=\"https:\/\/radiostudiow.com.br\/site\/wp-content\/uploads\/2024\/04\/image-15.png\" alt=\"\" class=\"wp-image-21199\" srcset=\"https:\/\/radiostudiow.com.br\/site\/wp-content\/uploads\/2024\/04\/image-15.png 897w, https:\/\/radiostudiow.com.br\/site\/wp-content\/uploads\/2024\/04\/image-15-300x68.png 300w, https:\/\/radiostudiow.com.br\/site\/wp-content\/uploads\/2024\/04\/image-15-768x175.png 768w\" sizes=\"auto, (max-width: 897px) 100vw, 897px\" \/><\/figure>\n\n\n\n<p>Segundo o Sistema Ocepar, o evento \u00e9 promovido bienalmente e consiste no reconhecimento nacional, concedido pelo Servi\u00e7o Nacional de Aprendizagem do Cooperativismo, para \u00e0s cooperativas que promovem o aumento da qualidade e da competitividade do cooperativismo na sociedade em que est\u00e3o inseridas, al\u00e9m de destacar as boas pr\u00e1ticas de identidade cooperativista, governan\u00e7a e gest\u00e3o desenvolvidas.<\/p>\n\n\n\n<p>A metodologia do Programa est\u00e1 pautada no Modelo de Excel\u00eancia da Gest\u00e3o\u00ae (MEG), da Funda\u00e7\u00e3o Nacional da Qualidade (FNQ), que est\u00e1 em sua 20\u00aa edi\u00e7\u00e3o, o programa oferece um instrumento de autoavalia\u00e7\u00e3o que permite um diagn\u00f3stico objetivo dos processos e pr\u00e1ticas de governan\u00e7a e gest\u00e3o, ou seja, uma avalia\u00e7\u00e3o completa do modelo de gest\u00e3o adotado pela cooperativa, resultando na identifica\u00e7\u00e3o dos pontos fortes e das oportunidades de melhoria.<\/p>\n\n\n\n<div class=\"wp-block-media-text is-stacked-on-mobile\"><figure class=\"wp-block-media-text__media\"><img loading=\"lazy\" decoding=\"async\" width=\"1024\" height=\"684\" src=\"https:\/\/radiostudiow.com.br\/site\/wp-content\/uploads\/2024\/04\/Helton-Cesar-Kolecha-Diretor-Executivo-1024x684.jpg\" alt=\"\" class=\"wp-image-21899 size-full\" srcset=\"https:\/\/radiostudiow.com.br\/site\/wp-content\/uploads\/2024\/04\/Helton-Cesar-Kolecha-Diretor-Executivo-1024x684.jpg 1024w, https:\/\/radiostudiow.com.br\/site\/wp-content\/uploads\/2024\/04\/Helton-Cesar-Kolecha-Diretor-Executivo-300x200.jpg 300w, https:\/\/radiostudiow.com.br\/site\/wp-content\/uploads\/2024\/04\/Helton-Cesar-Kolecha-Diretor-Executivo-768x513.jpg 768w, https:\/\/radiostudiow.com.br\/site\/wp-content\/uploads\/2024\/04\/Helton-Cesar-Kolecha-Diretor-Executivo-1536x1025.jpg 1536w, https:\/\/radiostudiow.com.br\/site\/wp-content\/uploads\/2024\/04\/Helton-Cesar-Kolecha-Diretor-Executivo-2048x1367.jpg 2048w\" sizes=\"auto, (max-width: 1024px) 100vw, 1024px\" \/><\/figure><div class=\"wp-block-media-text__content\">\n<p>Helton\u00a0C\u00e9sar Kolecha, Diretor Executivo Sicredi<\/p>\n<\/div><\/div>\n\n\n\n<p>\u201cAderimos ao Programa PEGCoop em 2020, pois sabemos o quanto \u00e9 importante para a cooperativa, nossos colaboradores e associados, aperfei\u00e7oarmos os nossos modelos de governan\u00e7a, com transpar\u00eancia, foco, profissionalismo e autogest\u00e3o. Sermos reconhecido no n\u00edvel \u201cCompromisso com a Excel\u00eancia\u201d \u00e9 muito gratificante e demonstra o nosso compromisso com a sociedade e com o cooperativismo.\u201d Comenta o Diretor Executivo da Sicredi Centro Sul PR\/SC\/RJ, Helton C\u00e9sar Kolecha.<\/p>\n\n\n\n<figure class=\"wp-block-image size-large\"><img decoding=\"async\" src=\"https:\/\/radiostudiow.com.br\/site\/wp-content\/uploads\/2024\/04\/PP-thumb-banner-miniatura1920x1080-1024x576.jpg\" alt=\"\" class=\"wp-image-22019\"\/><\/figure>\n\n\n\n<p><strong>Sobre o Sicredi&nbsp;<\/strong><\/p>\n\n\n\n<p>O Sicredi \u00e9 uma institui\u00e7\u00e3o financeira cooperativa comprometida com o crescimento de seus associados e com o desenvolvimento das regi\u00f5es onde atua. Possui um modelo de gest\u00e3o que valoriza a participa\u00e7\u00e3o dos mais de 7,5 milh\u00f5es de associados, que exercem o papel de donos do neg\u00f3cio. Com mais de 2.700 ag\u00eancias, o Sicredi est\u00e1 presente fisicamente em todos os estados brasileiros e no Distrito Federal, disponibilizando uma gama completa de solu\u00e7\u00f5es financeiras e n\u00e3o financeiras.&nbsp;<\/p>\n\n\n\n<p><strong>Site do Sicredi:<\/strong>&nbsp;<a href=\"http:\/\/www.sicredi.com.br\/coop\/centrosulprscrj\" target=\"_blank\" rel=\"noreferrer noopener\">Clique aqui&nbsp;<\/a>&nbsp;<\/p>\n","protected":false},"excerpt":{"rendered":"<p>Durante o evento as cooperativas foram reconhecidas pelas boas pr\u00e1ticas de gest\u00e3o e governan\u00e7a A Sicredi Centro Sul PR\/SC\/RJ, uma das 100 cooperativas integrantes do sistema Sicredi, com mais de 500 colaboradores, 30 ag\u00eancias e atuando em tr\u00eas estados: Paran\u00e1, Santa Catarina e Rio de Janeiro, participou do Pr\u00eamio SomosCoop Excel\u00eancia em Gest\u00e3o de 2023 [&hellip;]<\/p>\n","protected":false},"author":2,"featured_media":22289,"comment_status":"open","ping_status":"open","sticky":false,"template":"","format":"standard","meta":{"footnotes":""},"categories":[7],"tags":[172],"class_list":["post-22287","post","type-post","status-publish","format-standard","has-post-thumbnail","hentry","category-geral","tag-featured"],"amp_enabled":true,"_links":{"self":[{"href":"https:\/\/radiostudiow.com.br\/site\/wp-json\/wp\/v2\/posts\/22287","targetHints":{"allow":["GET"]}}],"collection":[{"href":"https:\/\/radiostudiow.com.br\/site\/wp-json\/wp\/v2\/posts"}],"about":[{"href":"https:\/\/radiostudiow.com.br\/site\/wp-json\/wp\/v2\/types\/post"}],"author":[{"embeddable":true,"href":"https:\/\/radiostudiow.com.br\/site\/wp-json\/wp\/v2\/users\/2"}],"replies":[{"embeddable":true,"href":"https:\/\/radiostudiow.com.br\/site\/wp-json\/wp\/v2\/comments?post=22287"}],"version-history":[{"count":1,"href":"https:\/\/radiostudiow.com.br\/site\/wp-json\/wp\/v2\/posts\/22287\/revisions"}],"predecessor-version":[{"id":22290,"href":"https:\/\/radiostudiow.com.br\/site\/wp-json\/wp\/v2\/posts\/22287\/revisions\/22290"}],"wp:featuredmedia":[{"embeddable":true,"href":"https:\/\/radiostudiow.com.br\/site\/wp-json\/wp\/v2\/media\/22289"}],"wp:attachment":[{"href":"https:\/\/radiostudiow.com.br\/site\/wp-json\/wp\/v2\/media?parent=22287"}],"wp:term":[{"taxonomy":"category","embeddable":true,"href":"https:\/\/radiostudiow.com.br\/site\/wp-json\/wp\/v2\/categories?post=22287"},{"taxonomy":"post_tag","embeddable":true,"href":"https:\/\/radiostudiow.com.br\/site\/wp-json\/wp\/v2\/tags?post=22287"}],"curies":[{"name":"wp","href":"https:\/\/api.w.org\/{rel}","templated":true}]}}