{"id":22298,"date":"2024-05-06T10:02:54","date_gmt":"2024-05-06T13:02:54","guid":{"rendered":"https:\/\/radiostudiow.com.br\/site\/?p=22298"},"modified":"2025-01-31T14:59:23","modified_gmt":"2025-01-31T17:59:23","slug":"homem-que-participaria-de-evento-em-general-carneiro-morreu-vitima-de-infarto","status":"publish","type":"post","link":"https:\/\/radiostudiow.com.br\/site\/2024\/05\/06\/homem-que-participaria-de-evento-em-general-carneiro-morreu-vitima-de-infarto\/","title":{"rendered":"Homem que participaria de evento em General Carneiro morreu v\u00edtima de infarto"},"content":{"rendered":"\n<p><em>O organizador do evento onde Thiago Cristiano Rodrigues estava presente antes de seu falecimento entrou em contato com o\u00a0Portal Vvale\u00a0para relatar o que aconteceu.<\/em><\/p>\n\n\n\n<figure class=\"wp-block-image size-full\"><img decoding=\"async\" src=\"https:\/\/radiostudiow.com.br\/site\/wp-content\/uploads\/2024\/04\/image-42.png\" alt=\"\" class=\"wp-image-21334\"\/><\/figure>\n\n\n\n<p>Segundo o organizador, Thiago estava programado para participar de um jogo no domingo, 05 de maio.\u00a0Entretanto, devido ao ocorrido, o evento teve que ser cancelado.<\/p>\n\n\n\n<p>Thiago, natural de Medianeira, deslocou-se at\u00e9 General Carneiro para participar do evento. Durante a noite de s\u00e1bado, 04 de maio, ele teria participado de uma \u201cResenha\u201d, uma esp\u00e9cie de festa pr\u00e9via ao jogo, onde acabou consumindo \u00e1lcool em excesso.<\/p>\n\n\n\n<figure class=\"wp-block-image size-full\"><img loading=\"lazy\" decoding=\"async\" width=\"300\" height=\"180\" src=\"https:\/\/radiostudiow.com.br\/site\/wp-content\/uploads\/2024\/04\/image-26.png\" alt=\"\" class=\"wp-image-21279\"\/><\/figure>\n\n\n\n<p>Por volta das 22 horas, come\u00e7ou a passar mal e foi encaminhado at\u00e9 o hospital. Infelizmente, por volta das 3h da manh\u00e3, ele sofreu um infarto fatal.<\/p>\n\n\n\n<p>O corpo de Thiago foi encaminahdo ao IML de Uni\u00e3o da Vit\u00f3ria, onde j\u00e1 passou pelo exame de necropsia e foi liberado aos familiares.<\/p>\n","protected":false},"excerpt":{"rendered":"<p>O organizador do evento onde Thiago Cristiano Rodrigues estava presente antes de seu falecimento entrou em contato com o\u00a0Portal Vvale\u00a0para relatar o que aconteceu. Segundo o organizador, Thiago estava programado para participar de um jogo no domingo, 05 de maio.\u00a0Entretanto, devido ao ocorrido, o evento teve que ser cancelado. Thiago, natural de Medianeira, deslocou-se at\u00e9 [&hellip;]<\/p>\n","protected":false},"author":2,"featured_media":22299,"comment_status":"open","ping_status":"open","sticky":false,"template":"","format":"standard","meta":{"footnotes":""},"categories":[185],"tags":[172],"class_list":["post-22298","post","type-post","status-publish","format-standard","has-post-thumbnail","hentry","category-regional","tag-featured"],"amp_enabled":true,"_links":{"self":[{"href":"https:\/\/radiostudiow.com.br\/site\/wp-json\/wp\/v2\/posts\/22298","targetHints":{"allow":["GET"]}}],"collection":[{"href":"https:\/\/radiostudiow.com.br\/site\/wp-json\/wp\/v2\/posts"}],"about":[{"href":"https:\/\/radiostudiow.com.br\/site\/wp-json\/wp\/v2\/types\/post"}],"author":[{"embeddable":true,"href":"https:\/\/radiostudiow.com.br\/site\/wp-json\/wp\/v2\/users\/2"}],"replies":[{"embeddable":true,"href":"https:\/\/radiostudiow.com.br\/site\/wp-json\/wp\/v2\/comments?post=22298"}],"version-history":[{"count":1,"href":"https:\/\/radiostudiow.com.br\/site\/wp-json\/wp\/v2\/posts\/22298\/revisions"}],"predecessor-version":[{"id":22300,"href":"https:\/\/radiostudiow.com.br\/site\/wp-json\/wp\/v2\/posts\/22298\/revisions\/22300"}],"wp:featuredmedia":[{"embeddable":true,"href":"https:\/\/radiostudiow.com.br\/site\/wp-json\/wp\/v2\/media\/22299"}],"wp:attachment":[{"href":"https:\/\/radiostudiow.com.br\/site\/wp-json\/wp\/v2\/media?parent=22298"}],"wp:term":[{"taxonomy":"category","embeddable":true,"href":"https:\/\/radiostudiow.com.br\/site\/wp-json\/wp\/v2\/categories?post=22298"},{"taxonomy":"post_tag","embeddable":true,"href":"https:\/\/radiostudiow.com.br\/site\/wp-json\/wp\/v2\/tags?post=22298"}],"curies":[{"name":"wp","href":"https:\/\/api.w.org\/{rel}","templated":true}]}}