{"id":22321,"date":"2024-05-06T17:07:57","date_gmt":"2024-05-06T20:07:57","guid":{"rendered":"https:\/\/radiostudiow.com.br\/site\/?p=22321"},"modified":"2025-01-31T14:59:23","modified_gmt":"2025-01-31T17:59:23","slug":"sicredi-inicia-campanha-nacional-de-arrecadacao-para-o-rio-grande-do-sul","status":"publish","type":"post","link":"https:\/\/radiostudiow.com.br\/site\/2024\/05\/06\/sicredi-inicia-campanha-nacional-de-arrecadacao-para-o-rio-grande-do-sul\/","title":{"rendered":"Sicredi inicia campanha nacional de arrecada\u00e7\u00e3o para o Rio Grande do Sul"},"content":{"rendered":"\n<p>Diante das enchentes que assolam o Estado do Rio Grande do Sul nos \u00faltimos dias, o<br>Sicredi, institui\u00e7\u00e3o financeira cooperativa presente em todo o pa\u00eds, est\u00e1 promovendo<br>um movimento conjunto de solidariedade. Em parceria, as cooperativas do Sistema<br>est\u00e3o engajadas em uma campanha de doa\u00e7\u00f5es para apoiar a popula\u00e7\u00e3o afetada e em<br>zona de risco.<\/p>\n\n\n\n<p>A mobiliza\u00e7\u00e3o visa arrecadar recursos para auxiliar as regi\u00f5es impactadas. As doa\u00e7\u00f5es<br>recebidas por meio do Pix da Funda\u00e7\u00e3o Sicredi ser\u00e3o destinadas \u00e0 compra de recursos<br>e mantimentos, que ser\u00e3o distribu\u00eddos \u00e0 popula\u00e7\u00e3o dos munic\u00edpios atingidos.<br>Para contribuir, os interessados podem enviar suas doa\u00e7\u00f5es volunt\u00e1rias para a chave<br>pix ajuders@sicredi.com.br, conferindo o nome favorecido como Funda\u00e7\u00e3o Sicredi.<br>Este movimento demonstra o comprometimento das cooperativas do Sicredi com o<br>bem-estar e a solidariedade com as comunidades onde a institui\u00e7\u00e3o atua, fortalecendo<br>o esp\u00edrito de coopera\u00e7\u00e3o em momentos dif\u00edceis.<\/p>\n\n\n\n<figure class=\"wp-block-image size-full\"><img loading=\"lazy\" decoding=\"async\" width=\"897\" height=\"204\" src=\"https:\/\/radiostudiow.com.br\/site\/wp-content\/uploads\/2024\/04\/image-37.png\" alt=\"\" class=\"wp-image-21305\" srcset=\"https:\/\/radiostudiow.com.br\/site\/wp-content\/uploads\/2024\/04\/image-37.png 897w, https:\/\/radiostudiow.com.br\/site\/wp-content\/uploads\/2024\/04\/image-37-300x68.png 300w, https:\/\/radiostudiow.com.br\/site\/wp-content\/uploads\/2024\/04\/image-37-768x175.png 768w\" sizes=\"auto, (max-width: 897px) 100vw, 897px\" \/><\/figure>\n\n\n\n<p><strong>Sobre o Sicredi&nbsp;<\/strong><\/p>\n\n\n\n<p>O Sicredi \u00e9 uma institui\u00e7\u00e3o financeira cooperativa comprometida com o crescimento de seus associados e com o desenvolvimento das regi\u00f5es onde atua. Possui um modelo de gest\u00e3o que valoriza a participa\u00e7\u00e3o dos mais de 7,5 milh\u00f5es de associados, que exercem o papel de donos do neg\u00f3cio. Com mais de 2.700 ag\u00eancias, o Sicredi est\u00e1 presente fisicamente em todos os estados brasileiros e no Distrito Federal, disponibilizando uma gama completa de solu\u00e7\u00f5es financeiras e n\u00e3o financeiras.&nbsp;<\/p>\n\n\n\n<p><strong>Site do Sicredi:<\/strong>&nbsp;<a href=\"http:\/\/www.sicredi.com.br\/coop\/centrosulprscrj\" target=\"_blank\" rel=\"noreferrer noopener\">Clique aqui&nbsp;<\/a>&nbsp;<\/p>\n","protected":false},"excerpt":{"rendered":"<p>Diante das enchentes que assolam o Estado do Rio Grande do Sul nos \u00faltimos dias, oSicredi, institui\u00e7\u00e3o financeira cooperativa presente em todo o pa\u00eds, est\u00e1 promovendoum movimento conjunto de solidariedade. Em parceria, as cooperativas do Sistemaest\u00e3o engajadas em uma campanha de doa\u00e7\u00f5es para apoiar a popula\u00e7\u00e3o afetada e emzona de risco. A mobiliza\u00e7\u00e3o visa arrecadar [&hellip;]<\/p>\n","protected":false},"author":2,"featured_media":22323,"comment_status":"open","ping_status":"open","sticky":false,"template":"","format":"standard","meta":{"footnotes":""},"categories":[7],"tags":[172],"class_list":["post-22321","post","type-post","status-publish","format-standard","has-post-thumbnail","hentry","category-geral","tag-featured"],"amp_enabled":true,"_links":{"self":[{"href":"https:\/\/radiostudiow.com.br\/site\/wp-json\/wp\/v2\/posts\/22321","targetHints":{"allow":["GET"]}}],"collection":[{"href":"https:\/\/radiostudiow.com.br\/site\/wp-json\/wp\/v2\/posts"}],"about":[{"href":"https:\/\/radiostudiow.com.br\/site\/wp-json\/wp\/v2\/types\/post"}],"author":[{"embeddable":true,"href":"https:\/\/radiostudiow.com.br\/site\/wp-json\/wp\/v2\/users\/2"}],"replies":[{"embeddable":true,"href":"https:\/\/radiostudiow.com.br\/site\/wp-json\/wp\/v2\/comments?post=22321"}],"version-history":[{"count":2,"href":"https:\/\/radiostudiow.com.br\/site\/wp-json\/wp\/v2\/posts\/22321\/revisions"}],"predecessor-version":[{"id":22324,"href":"https:\/\/radiostudiow.com.br\/site\/wp-json\/wp\/v2\/posts\/22321\/revisions\/22324"}],"wp:featuredmedia":[{"embeddable":true,"href":"https:\/\/radiostudiow.com.br\/site\/wp-json\/wp\/v2\/media\/22323"}],"wp:attachment":[{"href":"https:\/\/radiostudiow.com.br\/site\/wp-json\/wp\/v2\/media?parent=22321"}],"wp:term":[{"taxonomy":"category","embeddable":true,"href":"https:\/\/radiostudiow.com.br\/site\/wp-json\/wp\/v2\/categories?post=22321"},{"taxonomy":"post_tag","embeddable":true,"href":"https:\/\/radiostudiow.com.br\/site\/wp-json\/wp\/v2\/tags?post=22321"}],"curies":[{"name":"wp","href":"https:\/\/api.w.org\/{rel}","templated":true}]}}