{"id":22344,"date":"2024-05-07T09:24:10","date_gmt":"2024-05-07T12:24:10","guid":{"rendered":"https:\/\/radiostudiow.com.br\/site\/?p=22344"},"modified":"2025-01-31T14:59:22","modified_gmt":"2025-01-31T17:59:22","slug":"regularizacao-do-titulo-de-eleitor-termina-nesta-quarta-feira-dia-08-de-maio","status":"publish","type":"post","link":"https:\/\/radiostudiow.com.br\/site\/2024\/05\/07\/regularizacao-do-titulo-de-eleitor-termina-nesta-quarta-feira-dia-08-de-maio\/","title":{"rendered":"Regulariza\u00e7\u00e3o do t\u00edtulo de eleitor termina nesta quarta-feira dia 08 de maio"},"content":{"rendered":"\n<p>A emiss\u00e3o do documento \u00e9 obrigat\u00f3ria para todos com mais de 18 anos e facultativa para analfabetos e maiores de 70 anos.  Jovens a partir dos 16 anos tamb\u00e9m podem emitir o t\u00edtulo, se assim desejarem.<\/p>\n\n\n\n<p>Aqueles com 15 anos, mas que completem 16 at\u00e9 o dia 06 de outubro de 2024, data da elei\u00e7\u00e3o, tamb\u00e9m podem solicitar a emiss\u00e3o do documento.<\/p>\n\n\n\n<figure class=\"wp-block-image size-full\"><img decoding=\"async\" src=\"https:\/\/radiostudiow.com.br\/site\/wp-content\/uploads\/2024\/04\/SITE-MEDIO.png\" alt=\"\" class=\"wp-image-21854\"\/><\/figure>\n\n\n\n<p>J\u00e1 a regulariza\u00e7\u00e3o do t\u00edtulo \u00e9 necess\u00e1ria para todos os eleitores que tiveram o documento cancelado, seja por falta de revis\u00e3o do eleitorado, falta sem justificativa a tr\u00eas elei\u00e7\u00f5es consecutivas, entre outros motivos.<\/p>\n\n\n\n<p>Ficar atento ao prazo para regulariza\u00e7\u00e3o ou emiss\u00e3o do t\u00edtulo de eleitor \u00e9 crucial para evitar uma s\u00e9rie de contratempos, visto que o voto \u00e9 obrigat\u00f3rio para maiores de 18 anos.<\/p>\n\n\n\n<p>Quais s\u00e3o os problemas que o eleitor pode enfrentar se n\u00e3o realizar os tr\u00e2mites necess\u00e1rios dentro do prazo estipulado.<\/p>\n\n\n\n<p>Al\u00e9m de n\u00e3o poder votar nas elei\u00e7\u00f5es municipais deste ano, a eleitora e o eleitor n\u00e3o conseguem tirar passaporte, carteira de identidade, ingressar em universidade ou renovar matr\u00edcula em institui\u00e7\u00e3o de ensino superior, assumir cargo comissionado ou efetivo por aprova\u00e7\u00e3o em concurso p\u00fablico, obter empr\u00e9stimo em institui\u00e7\u00f5es p\u00fablicas com cr\u00e9dito mantido pelo governo e ainda podem enfrentar outras restri\u00e7\u00f5es.<\/p>\n\n\n\n<figure class=\"wp-block-image size-full\"><img loading=\"lazy\" decoding=\"async\" width=\"300\" height=\"180\" src=\"https:\/\/radiostudiow.com.br\/site\/wp-content\/uploads\/2024\/04\/SITE-PEQUENO-1.png\" alt=\"\" class=\"wp-image-21868\"\/><\/figure>\n\n\n\n<p>Documentos necess\u00e1rios<\/p>\n\n\n\n<p>Para regularizar ou emitir o t\u00edtulo de eleitor \u00e9 preciso apresentar documento de identidade com foto; comprovante de resid\u00eancia emitido h\u00e1, no m\u00ednimo, tr\u00eas meses e, no m\u00e1ximo, 12 meses; comprovante de pagamento de d\u00e9bito com a Justi\u00e7a Eleitoral (caso haja); e no caso de homens nascidos em 2005, tamb\u00e9m \u00e9 necess\u00e1ria a apresenta\u00e7\u00e3o de comprovante de quita\u00e7\u00e3o militar.<br>O servi\u00e7o pode ser feito presencialmente ou on-line.<\/p>\n\n\n\n<p>Pela internet \u00e9 poss\u00edvel, tamb\u00e9m, alterar endere\u00e7os cadastrais, como informa\u00e7\u00f5es pessoais e endere\u00e7o residencial, al\u00e9m de ser poss\u00edvel solicitar a mudan\u00e7a de local de vota\u00e7\u00e3o.<\/p>\n\n\n\n<p>Quando a altera\u00e7\u00e3o envolver mudan\u00e7a de dentro do mesmo munic\u00edpio, basta anexar um comprovante de resid\u00eancia atualizado. Quando envolver mudan\u00e7a de um munic\u00edpio para outro, \u00e9 necess\u00e1rio comprovar pelo menos tr\u00eas meses de resid\u00eancia no novo munic\u00edpio. Portanto, o comprovante deve ter mais de 90 dias\u201d, alerta o cart\u00f3rio.<br>Segundo o \u00f3rg\u00e3o, caso algum procedimento necessite de comparecimento presencial ao F\u00f3rum Eleitoral, o eleitor \u00e9 informado pelo sistema.<\/p>\n\n\n\n<figure class=\"wp-block-image size-full\"><img loading=\"lazy\" decoding=\"async\" width=\"900\" height=\"408\" src=\"https:\/\/radiostudiow.com.br\/site\/wp-content\/uploads\/2024\/04\/image-21.png\" alt=\"\" class=\"wp-image-21214\" srcset=\"https:\/\/radiostudiow.com.br\/site\/wp-content\/uploads\/2024\/04\/image-21.png 900w, https:\/\/radiostudiow.com.br\/site\/wp-content\/uploads\/2024\/04\/image-21-300x136.png 300w, https:\/\/radiostudiow.com.br\/site\/wp-content\/uploads\/2024\/04\/image-21-768x348.png 768w\" sizes=\"auto, (max-width: 900px) 100vw, 900px\" \/><\/figure>\n\n\n\n<p>Geralmente, qualquer situa\u00e7\u00e3o de irregularidade do t\u00edtulo pode ser solucionada pelo autoatendimento. Entretanto, caso a eleitora ou o eleitor precise comparecer no f\u00f3rum eleitoral para resolver alguma pend\u00eancia espec\u00edfica (por exemplo, cadastrar a biometria), o pr\u00f3prio sistema vai fazer o alerta.<br>Para atendimento on-line, o eleitor deve acessar a p\u00e1gina do Tribunal Superior Eleitoral (www.tse.jus.br) e procurar a aba atendimento eleitoral no menu Servi\u00e7os Eleitorais.<\/p>\n\n\n\n<p>Caso o eleitor precise ou deseje que o atendimento seja presencial, deve procurar o f\u00f3rum eleitoral.<\/p>\n","protected":false},"excerpt":{"rendered":"<p>A emiss\u00e3o do documento \u00e9 obrigat\u00f3ria para todos com mais de 18 anos e facultativa para analfabetos e maiores de 70 anos. Jovens a partir dos 16 anos tamb\u00e9m podem emitir o t\u00edtulo, se assim desejarem. Aqueles com 15 anos, mas que completem 16 at\u00e9 o dia 06 de outubro de 2024, data da elei\u00e7\u00e3o, [&hellip;]<\/p>\n","protected":false},"author":2,"featured_media":22345,"comment_status":"open","ping_status":"open","sticky":false,"template":"","format":"standard","meta":{"footnotes":""},"categories":[7],"tags":[172],"class_list":["post-22344","post","type-post","status-publish","format-standard","has-post-thumbnail","hentry","category-geral","tag-featured"],"amp_enabled":true,"_links":{"self":[{"href":"https:\/\/radiostudiow.com.br\/site\/wp-json\/wp\/v2\/posts\/22344","targetHints":{"allow":["GET"]}}],"collection":[{"href":"https:\/\/radiostudiow.com.br\/site\/wp-json\/wp\/v2\/posts"}],"about":[{"href":"https:\/\/radiostudiow.com.br\/site\/wp-json\/wp\/v2\/types\/post"}],"author":[{"embeddable":true,"href":"https:\/\/radiostudiow.com.br\/site\/wp-json\/wp\/v2\/users\/2"}],"replies":[{"embeddable":true,"href":"https:\/\/radiostudiow.com.br\/site\/wp-json\/wp\/v2\/comments?post=22344"}],"version-history":[{"count":1,"href":"https:\/\/radiostudiow.com.br\/site\/wp-json\/wp\/v2\/posts\/22344\/revisions"}],"predecessor-version":[{"id":22346,"href":"https:\/\/radiostudiow.com.br\/site\/wp-json\/wp\/v2\/posts\/22344\/revisions\/22346"}],"wp:featuredmedia":[{"embeddable":true,"href":"https:\/\/radiostudiow.com.br\/site\/wp-json\/wp\/v2\/media\/22345"}],"wp:attachment":[{"href":"https:\/\/radiostudiow.com.br\/site\/wp-json\/wp\/v2\/media?parent=22344"}],"wp:term":[{"taxonomy":"category","embeddable":true,"href":"https:\/\/radiostudiow.com.br\/site\/wp-json\/wp\/v2\/categories?post=22344"},{"taxonomy":"post_tag","embeddable":true,"href":"https:\/\/radiostudiow.com.br\/site\/wp-json\/wp\/v2\/tags?post=22344"}],"curies":[{"name":"wp","href":"https:\/\/api.w.org\/{rel}","templated":true}]}}