{"id":22353,"date":"2024-05-07T09:30:19","date_gmt":"2024-05-07T12:30:19","guid":{"rendered":"https:\/\/radiostudiow.com.br\/site\/?p=22353"},"modified":"2025-01-31T14:59:22","modified_gmt":"2025-01-31T17:59:22","slug":"mulher-leva-golpe-de-facao-do-proprio-irmao-em-uniao-da-vitoria","status":"publish","type":"post","link":"https:\/\/radiostudiow.com.br\/site\/2024\/05\/07\/mulher-leva-golpe-de-facao-do-proprio-irmao-em-uniao-da-vitoria\/","title":{"rendered":"Mulher leva golpe de fac\u00e3o do pr\u00f3prio irm\u00e3o em Uni\u00e3o da Vit\u00f3ria"},"content":{"rendered":"\n<p>A Pol\u00edcia Militar de Uni\u00e3o da Vit\u00f3ria esteve mobilizada atendendo a uma ocorr\u00eancia de viol\u00eancia dom\u00e9stica e les\u00e3o corporal registrada na cidade de Uni\u00e3o da Vit\u00f3ria durante o meio da tarde desse domingo (05).<\/p>\n\n\n\n<figure class=\"wp-block-image size-full\"><img decoding=\"async\" src=\"https:\/\/radiostudiow.com.br\/site\/wp-content\/uploads\/2024\/04\/image-54.png\" alt=\"\" class=\"wp-image-21388\"\/><\/figure>\n\n\n\n<p>De acordo com a solicitante, o seu irm\u00e3o chegou alterado em casa e passou a discutir com todos. Ele ordenou que as visitas se retirassem da casa e sua irm\u00e3 questionou a atitude. Revoltado, ele pegou um fac\u00e3o e atacou a mulher que para n\u00e3o ser atingida na cabe\u00e7a, colocou o antebra\u00e7o na frente, sofrendo um corte.<\/p>\n\n\n\n<p>A mulher precisou ser encaminhada at\u00e9 a Unidade de Pronto Atendimento para receber cuidados m\u00e9dicos. Ela conversou com a Pol\u00edcia e relatou que tais atos de viol\u00eancia s\u00e3o frequentes por parte do irm\u00e3o que faz uso de bebidas e entorpecentes.<\/p>\n\n\n\n<figure class=\"wp-block-image size-full\"><img decoding=\"async\" src=\"https:\/\/radiostudiow.com.br\/site\/wp-content\/uploads\/2024\/04\/image-8.png\" alt=\"\" class=\"wp-image-21180\"\/><\/figure>\n\n\n\n<p>A Pol\u00edcia Militar confeccionou o boletim de ocorr\u00eancias e realizou buscas a fim de localizar o suspeito, o qual n\u00e3o foi encontrado.<\/p>\n","protected":false},"excerpt":{"rendered":"<p>A Pol\u00edcia Militar de Uni\u00e3o da Vit\u00f3ria esteve mobilizada atendendo a uma ocorr\u00eancia de viol\u00eancia dom\u00e9stica e les\u00e3o corporal registrada na cidade de Uni\u00e3o da Vit\u00f3ria durante o meio da tarde desse domingo (05). De acordo com a solicitante, o seu irm\u00e3o chegou alterado em casa e passou a discutir com todos. Ele ordenou que [&hellip;]<\/p>\n","protected":false},"author":2,"featured_media":20850,"comment_status":"open","ping_status":"open","sticky":false,"template":"","format":"standard","meta":{"footnotes":""},"categories":[2],"tags":[172],"class_list":["post-22353","post","type-post","status-publish","format-standard","has-post-thumbnail","hentry","category-policial","tag-featured"],"amp_enabled":true,"_links":{"self":[{"href":"https:\/\/radiostudiow.com.br\/site\/wp-json\/wp\/v2\/posts\/22353","targetHints":{"allow":["GET"]}}],"collection":[{"href":"https:\/\/radiostudiow.com.br\/site\/wp-json\/wp\/v2\/posts"}],"about":[{"href":"https:\/\/radiostudiow.com.br\/site\/wp-json\/wp\/v2\/types\/post"}],"author":[{"embeddable":true,"href":"https:\/\/radiostudiow.com.br\/site\/wp-json\/wp\/v2\/users\/2"}],"replies":[{"embeddable":true,"href":"https:\/\/radiostudiow.com.br\/site\/wp-json\/wp\/v2\/comments?post=22353"}],"version-history":[{"count":1,"href":"https:\/\/radiostudiow.com.br\/site\/wp-json\/wp\/v2\/posts\/22353\/revisions"}],"predecessor-version":[{"id":22354,"href":"https:\/\/radiostudiow.com.br\/site\/wp-json\/wp\/v2\/posts\/22353\/revisions\/22354"}],"wp:featuredmedia":[{"embeddable":true,"href":"https:\/\/radiostudiow.com.br\/site\/wp-json\/wp\/v2\/media\/20850"}],"wp:attachment":[{"href":"https:\/\/radiostudiow.com.br\/site\/wp-json\/wp\/v2\/media?parent=22353"}],"wp:term":[{"taxonomy":"category","embeddable":true,"href":"https:\/\/radiostudiow.com.br\/site\/wp-json\/wp\/v2\/categories?post=22353"},{"taxonomy":"post_tag","embeddable":true,"href":"https:\/\/radiostudiow.com.br\/site\/wp-json\/wp\/v2\/tags?post=22353"}],"curies":[{"name":"wp","href":"https:\/\/api.w.org\/{rel}","templated":true}]}}