{"id":22369,"date":"2024-05-08T09:21:22","date_gmt":"2024-05-08T12:21:22","guid":{"rendered":"https:\/\/radiostudiow.com.br\/site\/?p=22369"},"modified":"2025-01-31T14:59:22","modified_gmt":"2025-01-31T17:59:22","slug":"homem-morre-apos-acidente-no-interior-de-rio-azul","status":"publish","type":"post","link":"https:\/\/radiostudiow.com.br\/site\/2024\/05\/08\/homem-morre-apos-acidente-no-interior-de-rio-azul\/","title":{"rendered":"Homem morre ap\u00f3s acidente no interior de Rio Azul"},"content":{"rendered":"\n<p>Um homem morreu ap\u00f3s um acidente na localidade de Rio Vinagre, no interior de Rio Azul, no in\u00edcio da tarde de ontem.<\/p>\n\n\n\n<figure class=\"wp-block-image size-full\"><img decoding=\"async\" src=\"https:\/\/radiostudiow.com.br\/site\/wp-content\/uploads\/2024\/04\/image-42.png\" alt=\"\" class=\"wp-image-21334\"\/><\/figure>\n\n\n\n<p>Segundo informa\u00e7\u00f5es da Pol\u00edcia Militar, Willian Gon\u00e7alves, conhecido por \u201cMadruga\u201d, de 38 anos, conduzia um ve\u00edculo Gol, quando perdeu o controle da dire\u00e7\u00e3o, saiu da pista e atingiu um barranco lateral. O carro ainda bateu em um tronco de uma \u00e1rvore e retornou \u00e0 estrada rural municipal, que \u00e9 pavimentada e liga as comunidades de Rio Vinagre e Marumbi dos Elias.<\/p>\n\n\n\n<p>De acordo com PM, havia sinais de frenagem na pista, que indicavam a sa\u00edda do trajeto normal. Willian n\u00e3o resistiu aos ferimentos e morreu no local. A estrada precisou ser interditada at\u00e9 a chegada da per\u00edcia e durante o atendimento dos socorristas do SAMU.<\/p>\n\n\n\n<figure class=\"wp-block-image size-full\"><img decoding=\"async\" src=\"https:\/\/radiostudiow.com.br\/site\/wp-content\/uploads\/2024\/04\/image-59.png\" alt=\"\" class=\"wp-image-21426\"\/><\/figure>\n\n\n\n<p>O corpo da v\u00edtima foi encaminhado ao Instituto M\u00e9dico-Legal (IML) de Uni\u00e3o da Vit\u00f3ria. Fonte: Naju\u00e1<\/p>\n","protected":false},"excerpt":{"rendered":"<p>Um homem morreu ap\u00f3s um acidente na localidade de Rio Vinagre, no interior de Rio Azul, no in\u00edcio da tarde de ontem. Segundo informa\u00e7\u00f5es da Pol\u00edcia Militar, Willian Gon\u00e7alves, conhecido por \u201cMadruga\u201d, de 38 anos, conduzia um ve\u00edculo Gol, quando perdeu o controle da dire\u00e7\u00e3o, saiu da pista e atingiu um barranco lateral. O carro [&hellip;]<\/p>\n","protected":false},"author":2,"featured_media":22370,"comment_status":"open","ping_status":"open","sticky":false,"template":"","format":"standard","meta":{"footnotes":""},"categories":[185],"tags":[172],"class_list":["post-22369","post","type-post","status-publish","format-standard","has-post-thumbnail","hentry","category-regional","tag-featured"],"amp_enabled":true,"_links":{"self":[{"href":"https:\/\/radiostudiow.com.br\/site\/wp-json\/wp\/v2\/posts\/22369","targetHints":{"allow":["GET"]}}],"collection":[{"href":"https:\/\/radiostudiow.com.br\/site\/wp-json\/wp\/v2\/posts"}],"about":[{"href":"https:\/\/radiostudiow.com.br\/site\/wp-json\/wp\/v2\/types\/post"}],"author":[{"embeddable":true,"href":"https:\/\/radiostudiow.com.br\/site\/wp-json\/wp\/v2\/users\/2"}],"replies":[{"embeddable":true,"href":"https:\/\/radiostudiow.com.br\/site\/wp-json\/wp\/v2\/comments?post=22369"}],"version-history":[{"count":1,"href":"https:\/\/radiostudiow.com.br\/site\/wp-json\/wp\/v2\/posts\/22369\/revisions"}],"predecessor-version":[{"id":22371,"href":"https:\/\/radiostudiow.com.br\/site\/wp-json\/wp\/v2\/posts\/22369\/revisions\/22371"}],"wp:featuredmedia":[{"embeddable":true,"href":"https:\/\/radiostudiow.com.br\/site\/wp-json\/wp\/v2\/media\/22370"}],"wp:attachment":[{"href":"https:\/\/radiostudiow.com.br\/site\/wp-json\/wp\/v2\/media?parent=22369"}],"wp:term":[{"taxonomy":"category","embeddable":true,"href":"https:\/\/radiostudiow.com.br\/site\/wp-json\/wp\/v2\/categories?post=22369"},{"taxonomy":"post_tag","embeddable":true,"href":"https:\/\/radiostudiow.com.br\/site\/wp-json\/wp\/v2\/tags?post=22369"}],"curies":[{"name":"wp","href":"https:\/\/api.w.org\/{rel}","templated":true}]}}