{"id":22409,"date":"2024-05-09T09:37:30","date_gmt":"2024-05-09T12:37:30","guid":{"rendered":"https:\/\/radiostudiow.com.br\/site\/?p=22409"},"modified":"2025-01-31T14:59:22","modified_gmt":"2025-01-31T17:59:22","slug":"tres-acidentes-com-ciclistas-em-um-dia-em-uniao-da-vitoria","status":"publish","type":"post","link":"https:\/\/radiostudiow.com.br\/site\/2024\/05\/09\/tres-acidentes-com-ciclistas-em-um-dia-em-uniao-da-vitoria\/","title":{"rendered":"Tr\u00eas acidentes com ciclistas em um dia em Uni\u00e3o da Vit\u00f3ria"},"content":{"rendered":"\n<p>Tr\u00eas acidentes de tr\u00e2nsito envolvendo ciclistas foram registrados em Uni\u00e3o da Vit\u00f3ria nesta ter\u00e7a-feira, 07 de maio, deixando um saldo de dois feridos moderados e um leve.<\/p>\n\n\n\n<figure class=\"wp-block-image size-full\"><img loading=\"lazy\" decoding=\"async\" width=\"598\" height=\"204\" src=\"https:\/\/radiostudiow.com.br\/site\/wp-content\/uploads\/2024\/04\/image-29.png\" alt=\"\" class=\"wp-image-21283\" srcset=\"https:\/\/radiostudiow.com.br\/site\/wp-content\/uploads\/2024\/04\/image-29.png 598w, https:\/\/radiostudiow.com.br\/site\/wp-content\/uploads\/2024\/04\/image-29-300x102.png 300w\" sizes=\"auto, (max-width: 598px) 100vw, 598px\" \/><\/figure>\n\n\n\n<p><strong>Primeiro acidente<\/strong><\/p>\n\n\n\n<p>Por volta das 12h10, na Ponte Dom\u00edcio Scaramella, uma moto Yamaha\/Fazer colidiu com uma bicicleta. Uma mulher de 23 anos, e um jovem de 19 anos, sofreram ferimentos moderados e foram encaminhados ao Hospital S\u00e3o Camilo.<\/p>\n\n\n\n<p><strong>Segundo do dia<\/strong><\/p>\n\n\n\n<p>\u00c0s 15h44, na Rua Francisco Fernandes Lu\u00eds, no Bairro S\u00e3o Joaquim, um ciclista de 16 anos foi atropelado por um ve\u00edculo Fiat\/Siena. O jovem sofreu ferimentos moderados e tamb\u00e9m foi levado ao Hospital S\u00e3o Camilo.<\/p>\n\n\n\n<p><strong>E terceiro<\/strong><\/p>\n\n\n\n<p>No final da noite, por volta das 21h, um rapaz de 17 anos foi v\u00edtima de um acidente com um ve\u00edculo Ford\/Fiesta, no cruzamento entre as Ruas Ipiranga e Get\u00falio Vargas no centro. O ciclista teve ferimentos leves e n\u00e3o precisou de hospitaliza\u00e7\u00e3o.<\/p>\n\n\n\n<figure class=\"wp-block-image size-full\"><img decoding=\"async\" src=\"https:\/\/radiostudiow.com.br\/site\/wp-content\/uploads\/2024\/04\/image-55.png\" alt=\"\" class=\"wp-image-21389\"\/><\/figure>\n","protected":false},"excerpt":{"rendered":"<p>Tr\u00eas acidentes de tr\u00e2nsito envolvendo ciclistas foram registrados em Uni\u00e3o da Vit\u00f3ria nesta ter\u00e7a-feira, 07 de maio, deixando um saldo de dois feridos moderados e um leve. Primeiro acidente Por volta das 12h10, na Ponte Dom\u00edcio Scaramella, uma moto Yamaha\/Fazer colidiu com uma bicicleta. Uma mulher de 23 anos, e um jovem de 19 anos, [&hellip;]<\/p>\n","protected":false},"author":2,"featured_media":15529,"comment_status":"open","ping_status":"open","sticky":false,"template":"","format":"standard","meta":{"footnotes":""},"categories":[185],"tags":[172],"class_list":["post-22409","post","type-post","status-publish","format-standard","has-post-thumbnail","hentry","category-regional","tag-featured"],"amp_enabled":true,"_links":{"self":[{"href":"https:\/\/radiostudiow.com.br\/site\/wp-json\/wp\/v2\/posts\/22409","targetHints":{"allow":["GET"]}}],"collection":[{"href":"https:\/\/radiostudiow.com.br\/site\/wp-json\/wp\/v2\/posts"}],"about":[{"href":"https:\/\/radiostudiow.com.br\/site\/wp-json\/wp\/v2\/types\/post"}],"author":[{"embeddable":true,"href":"https:\/\/radiostudiow.com.br\/site\/wp-json\/wp\/v2\/users\/2"}],"replies":[{"embeddable":true,"href":"https:\/\/radiostudiow.com.br\/site\/wp-json\/wp\/v2\/comments?post=22409"}],"version-history":[{"count":2,"href":"https:\/\/radiostudiow.com.br\/site\/wp-json\/wp\/v2\/posts\/22409\/revisions"}],"predecessor-version":[{"id":22425,"href":"https:\/\/radiostudiow.com.br\/site\/wp-json\/wp\/v2\/posts\/22409\/revisions\/22425"}],"wp:featuredmedia":[{"embeddable":true,"href":"https:\/\/radiostudiow.com.br\/site\/wp-json\/wp\/v2\/media\/15529"}],"wp:attachment":[{"href":"https:\/\/radiostudiow.com.br\/site\/wp-json\/wp\/v2\/media?parent=22409"}],"wp:term":[{"taxonomy":"category","embeddable":true,"href":"https:\/\/radiostudiow.com.br\/site\/wp-json\/wp\/v2\/categories?post=22409"},{"taxonomy":"post_tag","embeddable":true,"href":"https:\/\/radiostudiow.com.br\/site\/wp-json\/wp\/v2\/tags?post=22409"}],"curies":[{"name":"wp","href":"https:\/\/api.w.org\/{rel}","templated":true}]}}