{"id":22459,"date":"2024-05-09T18:56:14","date_gmt":"2024-05-09T21:56:14","guid":{"rendered":"https:\/\/radiostudiow.com.br\/site\/?p=22459"},"modified":"2025-01-31T14:59:22","modified_gmt":"2025-01-31T17:59:22","slug":"caminhao-carregado-com-ossos-e-couro-de-gado-sai-da-pista-na-br-153","status":"publish","type":"post","link":"https:\/\/radiostudiow.com.br\/site\/2024\/05\/09\/caminhao-carregado-com-ossos-e-couro-de-gado-sai-da-pista-na-br-153\/","title":{"rendered":"Caminh\u00e3o carregado com ossos e couro de gado sai da pista na BR-153"},"content":{"rendered":"\n<p>A equipe do Corpo de Bombeiros de General Carneiro foi acionado para atender a uma sa\u00edda de pista de um caminh\u00e3o carregado com ossos e couro de gado havia sa\u00eddo da pista na na BR-153, pr\u00f3ximo ao trevo de acesso \u00e0 PR-170 , por volta das 01 hora da madrugada desta quinta-feira (09).<\/p>\n\n\n\n<figure class=\"wp-block-image size-full\"><img decoding=\"async\" src=\"https:\/\/radiostudiow.com.br\/site\/wp-content\/uploads\/2024\/04\/image-58.png\" alt=\"\" class=\"wp-image-21416\"\/><\/figure>\n\n\n\n<p>De acordo com as primeiras informa\u00e7\u00f5es, o ve\u00edculo, que tinha partido de Bituruna, sofreu o acidente durante sua viagem. No momento chovia na regi\u00e3o, o que pode ter contribu\u00eddo para a ocorr\u00eancia do incidente.<\/p>\n\n\n\n<p>O condutor, de 42 anos, e o carona, de 43, ficaram feridos no incidente, sendo o primeiro com ferimentos moderados e o segundo com ferimentos leves.<\/p>\n\n\n\n<figure class=\"wp-block-image size-full\"><img loading=\"lazy\" decoding=\"async\" width=\"598\" height=\"204\" src=\"https:\/\/radiostudiow.com.br\/site\/wp-content\/uploads\/2024\/04\/image-29.png\" alt=\"\" class=\"wp-image-21283\" srcset=\"https:\/\/radiostudiow.com.br\/site\/wp-content\/uploads\/2024\/04\/image-29.png 598w, https:\/\/radiostudiow.com.br\/site\/wp-content\/uploads\/2024\/04\/image-29-300x102.png 300w\" sizes=\"auto, (max-width: 598px) 100vw, 598px\" \/><\/figure>\n\n\n\n<p>Uma equipe do Servi\u00e7o de Atendimento M\u00f3vel de Urg\u00eancia (Samu) foi respons\u00e1vel por transportar as v\u00edtimas at\u00e9 o Hospital APMI para receberem atendimento m\u00e9dico.<\/p>\n","protected":false},"excerpt":{"rendered":"<p>A equipe do Corpo de Bombeiros de General Carneiro foi acionado para atender a uma sa\u00edda de pista de um caminh\u00e3o carregado com ossos e couro de gado havia sa\u00eddo da pista na na BR-153, pr\u00f3ximo ao trevo de acesso \u00e0 PR-170 , por volta das 01 hora da madrugada desta quinta-feira (09). De acordo [&hellip;]<\/p>\n","protected":false},"author":2,"featured_media":22475,"comment_status":"open","ping_status":"open","sticky":false,"template":"","format":"standard","meta":{"footnotes":""},"categories":[185],"tags":[172],"class_list":["post-22459","post","type-post","status-publish","format-standard","has-post-thumbnail","hentry","category-regional","tag-featured"],"amp_enabled":true,"_links":{"self":[{"href":"https:\/\/radiostudiow.com.br\/site\/wp-json\/wp\/v2\/posts\/22459","targetHints":{"allow":["GET"]}}],"collection":[{"href":"https:\/\/radiostudiow.com.br\/site\/wp-json\/wp\/v2\/posts"}],"about":[{"href":"https:\/\/radiostudiow.com.br\/site\/wp-json\/wp\/v2\/types\/post"}],"author":[{"embeddable":true,"href":"https:\/\/radiostudiow.com.br\/site\/wp-json\/wp\/v2\/users\/2"}],"replies":[{"embeddable":true,"href":"https:\/\/radiostudiow.com.br\/site\/wp-json\/wp\/v2\/comments?post=22459"}],"version-history":[{"count":2,"href":"https:\/\/radiostudiow.com.br\/site\/wp-json\/wp\/v2\/posts\/22459\/revisions"}],"predecessor-version":[{"id":22476,"href":"https:\/\/radiostudiow.com.br\/site\/wp-json\/wp\/v2\/posts\/22459\/revisions\/22476"}],"wp:featuredmedia":[{"embeddable":true,"href":"https:\/\/radiostudiow.com.br\/site\/wp-json\/wp\/v2\/media\/22475"}],"wp:attachment":[{"href":"https:\/\/radiostudiow.com.br\/site\/wp-json\/wp\/v2\/media?parent=22459"}],"wp:term":[{"taxonomy":"category","embeddable":true,"href":"https:\/\/radiostudiow.com.br\/site\/wp-json\/wp\/v2\/categories?post=22459"},{"taxonomy":"post_tag","embeddable":true,"href":"https:\/\/radiostudiow.com.br\/site\/wp-json\/wp\/v2\/tags?post=22459"}],"curies":[{"name":"wp","href":"https:\/\/api.w.org\/{rel}","templated":true}]}}