{"id":22461,"date":"2024-05-10T09:54:53","date_gmt":"2024-05-10T12:54:53","guid":{"rendered":"https:\/\/radiostudiow.com.br\/site\/?p=22461"},"modified":"2025-01-31T14:59:22","modified_gmt":"2025-01-31T17:59:22","slug":"pm-de-uniao-da-vitoria-recupera-caminhao-carregado-de-doacoes-que-foi-roubado","status":"publish","type":"post","link":"https:\/\/radiostudiow.com.br\/site\/2024\/05\/10\/pm-de-uniao-da-vitoria-recupera-caminhao-carregado-de-doacoes-que-foi-roubado\/","title":{"rendered":"PM de Uni\u00e3o da Vit\u00f3ria recupera caminh\u00e3o carregado de doa\u00e7\u00f5es que foi roubado"},"content":{"rendered":"\n<p>Um caminh\u00e3o carregando\u00a0doa\u00e7\u00f5es para o Rio Grande do Sul, foi recuperado pela Pol\u00edcia Militar de Uni\u00e3o da Vit\u00f3ria na manh\u00e3 desta quinta-feira (09). O ve\u00edculo foi alvo de bandidos em Curitiba, estava na BR-280, em Palmas.<\/p>\n\n\n\n<figure class=\"wp-block-image size-full\"><img loading=\"lazy\" decoding=\"async\" width=\"897\" height=\"204\" src=\"https:\/\/radiostudiow.com.br\/site\/wp-content\/uploads\/2024\/04\/image-50.png\" alt=\"\" class=\"wp-image-21368\" srcset=\"https:\/\/radiostudiow.com.br\/site\/wp-content\/uploads\/2024\/04\/image-50.png 897w, https:\/\/radiostudiow.com.br\/site\/wp-content\/uploads\/2024\/04\/image-50-300x68.png 300w, https:\/\/radiostudiow.com.br\/site\/wp-content\/uploads\/2024\/04\/image-50-768x175.png 768w\" sizes=\"auto, (max-width: 897px) 100vw, 897px\" \/><\/figure>\n\n\n\n<p>Segundo o motorista, de 26 anos, os criminosos teriam pago um valor de R$ 5 mil para que ele transportasse o caminh\u00e3o at\u00e9 Pato Branco, confirmando a a\u00e7\u00e3o criminosa.<\/p>\n\n\n\n<p>Dentro do ve\u00edculo, os policiais encontraram equipamentos eletr\u00f4nicos, produtos de higiene e limpeza, mantimentos, entre outros. O homem detido teria quebrado um celular.<\/p>\n\n\n\n<figure class=\"wp-block-image size-full\"><img decoding=\"async\" src=\"https:\/\/radiostudiow.com.br\/site\/wp-content\/uploads\/2024\/04\/SITE-MEDIO.png\" alt=\"\" class=\"wp-image-21854\"\/><\/figure>\n\n\n\n<p>As notas das mercadorias, bem como um boletim de viagem, onde constava a descri\u00e7\u00e3o da verdadeira placa do caminh\u00e3o. As que estavam fixadas j\u00e1 haviam sido adulteradas, para dificultar a a\u00e7\u00e3o da pol\u00edcia.<\/p>\n\n\n\n<p>A a\u00e7\u00e3o foi resultado de informa\u00e7\u00f5es repassadas pela Ag\u00eancia Local de Intelig\u00eancia, do 27\u00b0 Batalh\u00e3o da PMPR, bem como de Pol\u00edcia Militar de Santa Catarina (PMSC).<\/p>\n\n\n\n<figure class=\"wp-block-image size-large\"><img loading=\"lazy\" decoding=\"async\" width=\"1024\" height=\"473\" src=\"https:\/\/radiostudiow.com.br\/site\/wp-content\/uploads\/2024\/05\/05-1-1024x473.jpg\" alt=\"\" class=\"wp-image-22491\" srcset=\"https:\/\/radiostudiow.com.br\/site\/wp-content\/uploads\/2024\/05\/05-1-1024x473.jpg 1024w, https:\/\/radiostudiow.com.br\/site\/wp-content\/uploads\/2024\/05\/05-1-300x139.jpg 300w, https:\/\/radiostudiow.com.br\/site\/wp-content\/uploads\/2024\/05\/05-1-768x355.jpg 768w, https:\/\/radiostudiow.com.br\/site\/wp-content\/uploads\/2024\/05\/05-1.jpg 1536w\" sizes=\"auto, (max-width: 1024px) 100vw, 1024px\" \/><\/figure>\n","protected":false},"excerpt":{"rendered":"<p>Um caminh\u00e3o carregando\u00a0doa\u00e7\u00f5es para o Rio Grande do Sul, foi recuperado pela Pol\u00edcia Militar de Uni\u00e3o da Vit\u00f3ria na manh\u00e3 desta quinta-feira (09). O ve\u00edculo foi alvo de bandidos em Curitiba, estava na BR-280, em Palmas. Segundo o motorista, de 26 anos, os criminosos teriam pago um valor de R$ 5 mil para que ele [&hellip;]<\/p>\n","protected":false},"author":2,"featured_media":22490,"comment_status":"open","ping_status":"open","sticky":false,"template":"","format":"standard","meta":{"footnotes":""},"categories":[2],"tags":[172],"class_list":["post-22461","post","type-post","status-publish","format-standard","has-post-thumbnail","hentry","category-policial","tag-featured"],"amp_enabled":true,"_links":{"self":[{"href":"https:\/\/radiostudiow.com.br\/site\/wp-json\/wp\/v2\/posts\/22461","targetHints":{"allow":["GET"]}}],"collection":[{"href":"https:\/\/radiostudiow.com.br\/site\/wp-json\/wp\/v2\/posts"}],"about":[{"href":"https:\/\/radiostudiow.com.br\/site\/wp-json\/wp\/v2\/types\/post"}],"author":[{"embeddable":true,"href":"https:\/\/radiostudiow.com.br\/site\/wp-json\/wp\/v2\/users\/2"}],"replies":[{"embeddable":true,"href":"https:\/\/radiostudiow.com.br\/site\/wp-json\/wp\/v2\/comments?post=22461"}],"version-history":[{"count":3,"href":"https:\/\/radiostudiow.com.br\/site\/wp-json\/wp\/v2\/posts\/22461\/revisions"}],"predecessor-version":[{"id":22492,"href":"https:\/\/radiostudiow.com.br\/site\/wp-json\/wp\/v2\/posts\/22461\/revisions\/22492"}],"wp:featuredmedia":[{"embeddable":true,"href":"https:\/\/radiostudiow.com.br\/site\/wp-json\/wp\/v2\/media\/22490"}],"wp:attachment":[{"href":"https:\/\/radiostudiow.com.br\/site\/wp-json\/wp\/v2\/media?parent=22461"}],"wp:term":[{"taxonomy":"category","embeddable":true,"href":"https:\/\/radiostudiow.com.br\/site\/wp-json\/wp\/v2\/categories?post=22461"},{"taxonomy":"post_tag","embeddable":true,"href":"https:\/\/radiostudiow.com.br\/site\/wp-json\/wp\/v2\/tags?post=22461"}],"curies":[{"name":"wp","href":"https:\/\/api.w.org\/{rel}","templated":true}]}}