{"id":22464,"date":"2024-05-10T10:11:34","date_gmt":"2024-05-10T13:11:34","guid":{"rendered":"https:\/\/radiostudiow.com.br\/site\/?p=22464"},"modified":"2025-01-31T14:59:22","modified_gmt":"2025-01-31T17:59:22","slug":"policia-civil-prende-mandantes-da-morte-de-everson-moreira","status":"publish","type":"post","link":"https:\/\/radiostudiow.com.br\/site\/2024\/05\/10\/policia-civil-prende-mandantes-da-morte-de-everson-moreira\/","title":{"rendered":"Pol\u00edcia Civil prende mandantes da morte de Everson Moreira"},"content":{"rendered":"\n<p>Nas primeiras horas da manh\u00e3 de hoje, a Pol\u00edcia Civil de Porto Uni\u00e3o atrav\u00e9s de sua Divis\u00e3o de Investiga\u00e7\u00e3o Criminal, DIC, com apoio de policiais militares do Paran\u00e1 e Santa Catarina, deflagrou a 2\u00aa fase da opera\u00e7\u00e3o Lucas 12:2, com objetivo de prender os mandantes da morte de Everson Moreira de Almeida.<\/p>\n\n\n\n<figure class=\"wp-block-image size-full\"><img loading=\"lazy\" decoding=\"async\" width=\"897\" height=\"204\" src=\"https:\/\/radiostudiow.com.br\/site\/wp-content\/uploads\/2024\/04\/image-51.png\" alt=\"\" class=\"wp-image-21370\" srcset=\"https:\/\/radiostudiow.com.br\/site\/wp-content\/uploads\/2024\/04\/image-51.png 897w, https:\/\/radiostudiow.com.br\/site\/wp-content\/uploads\/2024\/04\/image-51-300x68.png 300w, https:\/\/radiostudiow.com.br\/site\/wp-content\/uploads\/2024\/04\/image-51-768x175.png 768w\" sizes=\"auto, (max-width: 897px) 100vw, 897px\" \/><\/figure>\n\n\n\n<p>Ap\u00f3s a pris\u00e3o dos suspeitos da execu\u00e7\u00e3o de Everson, no m\u00eas passado, os pol\u00edcias deram continuidade nas as investiga\u00e7\u00f5es, as quais se intensificaram nos \u00faltimos dias, sendo poss\u00edvel nesse per\u00edodo angariar material probat\u00f3rio suficiente para representar pela pris\u00e3o preventiva dos outros suspeitos al\u00e9m de busca em suas resid\u00eancias.<\/p>\n\n\n\n<p>A opera\u00e7\u00e3o deflagrada no in\u00edcio dessa manh\u00e3 deu cumprimento a quatro mandados de busca e apreens\u00e3o e a dois mandados de pris\u00e3o preventiva.<\/p>\n\n\n\n<p>Durante as buscas em uma das resid\u00eancias foi localizado e apreendido uma arma de fogo, tipo pistola calibre .380 com a numera\u00e7\u00e3o raspada, e dez muni\u00e7\u00f5es, al\u00e9m de certa quantidade de drogas, sendo, o propriet\u00e1rio preso em flagrante por posse ilegal de arma de fogo de uso restrito.<\/p>\n\n\n\n<p>Na opera\u00e7\u00e3o foi preso o suspeito de ser o mandante do crime e a pessoa que teria feito a intermedia\u00e7\u00e3o entre o mandante e os executores.<\/p>\n\n\n\n<p>Durante as investiga\u00e7\u00f5es ficou esclarecida a motiva\u00e7\u00e3o do crime, bem como que Everson, foi confundido com o verdadeiro alvo dos criminosos e acabou sendo morto por engano.<\/p>\n\n\n\n<figure class=\"wp-block-embed is-type-wp-embed is-provider-studio-w wp-block-embed-studio-w\"><div class=\"wp-block-embed__wrapper\">\n<blockquote class=\"wp-embedded-content\" data-secret=\"0gw1BupA9l\"><a href=\"https:\/\/radiostudiow.com.br\/site\/2024\/03\/16\/morre-no-hospital-homem-que-foi-baleado-na-cabeca-em-porto-uniao\/\">Morre no hospital homem que foi baleado na cabe\u00e7a em Porto Uni\u00e3o<\/a><\/blockquote><iframe loading=\"lazy\" class=\"wp-embedded-content\" sandbox=\"allow-scripts\" security=\"restricted\" style=\"position: absolute; clip: rect(1px, 1px, 1px, 1px);\" title=\"&#8220;Morre no hospital homem que foi baleado na cabe\u00e7a em Porto Uni\u00e3o&#8221; &#8212; Studio W\" src=\"https:\/\/radiostudiow.com.br\/site\/2024\/03\/16\/morre-no-hospital-homem-que-foi-baleado-na-cabeca-em-porto-uniao\/embed\/#?secret=Y9SLRmf4dQ#?secret=0gw1BupA9l\" data-secret=\"0gw1BupA9l\" width=\"600\" height=\"338\" frameborder=\"0\" marginwidth=\"0\" marginheight=\"0\" scrolling=\"no\"><\/iframe>\n<\/div><\/figure>\n\n\n\n<figure class=\"wp-block-image size-full\"><img loading=\"lazy\" decoding=\"async\" width=\"902\" height=\"930\" src=\"https:\/\/radiostudiow.com.br\/site\/wp-content\/uploads\/2024\/03\/03-2.jpeg\" alt=\"\" class=\"wp-image-20658\" srcset=\"https:\/\/radiostudiow.com.br\/site\/wp-content\/uploads\/2024\/03\/03-2.jpeg 902w, https:\/\/radiostudiow.com.br\/site\/wp-content\/uploads\/2024\/03\/03-2-291x300.jpeg 291w, https:\/\/radiostudiow.com.br\/site\/wp-content\/uploads\/2024\/03\/03-2-768x792.jpeg 768w\" sizes=\"auto, (max-width: 902px) 100vw, 902px\" \/><figcaption class=\"wp-element-caption\"><em>Everson Moreira de Almeida foi confundido com o verdadeiro alvo dos criminosos e acabou sendo morto por engano.<\/em><\/figcaption><\/figure>\n\n\n\n<figure class=\"wp-block-image size-full\"><img decoding=\"async\" src=\"https:\/\/radiostudiow.com.br\/site\/wp-content\/uploads\/2024\/04\/image-45.png\" alt=\"\" class=\"wp-image-21394\"\/><\/figure>\n\n\n\n<p>O nome da opera\u00e7\u00e3o faz refer\u00eancia ao Livro de Lucas Capitulo 12 vers\u00edculo 2.<\/p>\n\n\n\n<p><em>\u201cN\u00e3o h\u00e1 nada escondido que n\u00e3o venha a ser descoberto, ou oculto que n\u00e3o venha a ser conhecido. O que voc\u00eas disseram nas trevas ser\u00e1 ouvido \u00e0 luz do dia, e o que voc\u00eas sussurraram aos ouvidos dentro de casa, ser\u00e1 proclamado dos telhados\u201d<\/em><\/p>\n\n\n\n<figure class=\"wp-block-embed is-type-wp-embed is-provider-studio-w wp-block-embed-studio-w\"><div class=\"wp-block-embed__wrapper\">\n<blockquote class=\"wp-embedded-content\" data-secret=\"mX43M1ioZ5\"><a href=\"https:\/\/radiostudiow.com.br\/site\/2024\/04\/19\/policia-civil-localiza-e-prende-dois-suspeitos-do-homicidio-de-everson-moreira\/\">Pol\u00edcia Civil localiza e prende dois suspeitos do homic\u00eddio de Everson Moreira<\/a><\/blockquote><iframe loading=\"lazy\" class=\"wp-embedded-content\" sandbox=\"allow-scripts\" security=\"restricted\" style=\"position: absolute; clip: rect(1px, 1px, 1px, 1px);\" title=\"&#8220;Pol\u00edcia Civil localiza e prende dois suspeitos do homic\u00eddio de Everson Moreira&#8221; &#8212; Studio W\" src=\"https:\/\/radiostudiow.com.br\/site\/2024\/04\/19\/policia-civil-localiza-e-prende-dois-suspeitos-do-homicidio-de-everson-moreira\/embed\/#?secret=TWIcNJRRlY#?secret=mX43M1ioZ5\" data-secret=\"mX43M1ioZ5\" width=\"600\" height=\"338\" frameborder=\"0\" marginwidth=\"0\" marginheight=\"0\" scrolling=\"no\"><\/iframe>\n<\/div><\/figure>\n\n\n\n<figure class=\"wp-block-image size-full\"><img loading=\"lazy\" decoding=\"async\" width=\"598\" height=\"204\" src=\"https:\/\/radiostudiow.com.br\/site\/wp-content\/uploads\/2024\/04\/image-23.png\" alt=\"\" class=\"wp-image-21221\" srcset=\"https:\/\/radiostudiow.com.br\/site\/wp-content\/uploads\/2024\/04\/image-23.png 598w, https:\/\/radiostudiow.com.br\/site\/wp-content\/uploads\/2024\/04\/image-23-300x102.png 300w\" sizes=\"auto, (max-width: 598px) 100vw, 598px\" \/><\/figure>\n\n\n\n<p>Ap\u00f3s os procedimentos cartor\u00e1rios, os suspeitos foram encaminhados ao Pres\u00eddio de Porto Uni\u00e3o, onde permanecem a disposi\u00e7\u00e3o da Justi\u00e7a.<\/p>\n\n\n\n<p>A DIC agradece o apoio recebido pelos outros \u00f3rg\u00e3os de seguran\u00e7a o qual foi fundamental para a elucida\u00e7\u00e3o do crime e pris\u00e3o dos suspeitos, assim como agradece a confian\u00e7a da popula\u00e7\u00e3o, deixando claro que n\u00e3o medir\u00e1 esfor\u00e7os para elucidar, prender e levar \u00e0 justi\u00e7a, qualquer criminoso que atuem em nossa regi\u00e3o.<\/p>\n","protected":false},"excerpt":{"rendered":"<p>Nas primeiras horas da manh\u00e3 de hoje, a Pol\u00edcia Civil de Porto Uni\u00e3o atrav\u00e9s de sua Divis\u00e3o de Investiga\u00e7\u00e3o Criminal, DIC, com apoio de policiais militares do Paran\u00e1 e Santa Catarina, deflagrou a 2\u00aa fase da opera\u00e7\u00e3o Lucas 12:2, com objetivo de prender os mandantes da morte de Everson Moreira de Almeida. Ap\u00f3s a pris\u00e3o [&hellip;]<\/p>\n","protected":false},"author":2,"featured_media":22497,"comment_status":"open","ping_status":"open","sticky":false,"template":"","format":"standard","meta":{"footnotes":""},"categories":[2],"tags":[172],"class_list":["post-22464","post","type-post","status-publish","format-standard","has-post-thumbnail","hentry","category-policial","tag-featured"],"amp_enabled":true,"_links":{"self":[{"href":"https:\/\/radiostudiow.com.br\/site\/wp-json\/wp\/v2\/posts\/22464","targetHints":{"allow":["GET"]}}],"collection":[{"href":"https:\/\/radiostudiow.com.br\/site\/wp-json\/wp\/v2\/posts"}],"about":[{"href":"https:\/\/radiostudiow.com.br\/site\/wp-json\/wp\/v2\/types\/post"}],"author":[{"embeddable":true,"href":"https:\/\/radiostudiow.com.br\/site\/wp-json\/wp\/v2\/users\/2"}],"replies":[{"embeddable":true,"href":"https:\/\/radiostudiow.com.br\/site\/wp-json\/wp\/v2\/comments?post=22464"}],"version-history":[{"count":3,"href":"https:\/\/radiostudiow.com.br\/site\/wp-json\/wp\/v2\/posts\/22464\/revisions"}],"predecessor-version":[{"id":22498,"href":"https:\/\/radiostudiow.com.br\/site\/wp-json\/wp\/v2\/posts\/22464\/revisions\/22498"}],"wp:featuredmedia":[{"embeddable":true,"href":"https:\/\/radiostudiow.com.br\/site\/wp-json\/wp\/v2\/media\/22497"}],"wp:attachment":[{"href":"https:\/\/radiostudiow.com.br\/site\/wp-json\/wp\/v2\/media?parent=22464"}],"wp:term":[{"taxonomy":"category","embeddable":true,"href":"https:\/\/radiostudiow.com.br\/site\/wp-json\/wp\/v2\/categories?post=22464"},{"taxonomy":"post_tag","embeddable":true,"href":"https:\/\/radiostudiow.com.br\/site\/wp-json\/wp\/v2\/tags?post=22464"}],"curies":[{"name":"wp","href":"https:\/\/api.w.org\/{rel}","templated":true}]}}