{"id":22482,"date":"2024-05-10T09:31:39","date_gmt":"2024-05-10T12:31:39","guid":{"rendered":"https:\/\/radiostudiow.com.br\/site\/?p=22482"},"modified":"2025-01-31T14:59:22","modified_gmt":"2025-01-31T17:59:22","slug":"nota-fiscal-de-produtor-eletronica-tera-uso-obrigatorio-apenas-em-2025","status":"publish","type":"post","link":"https:\/\/radiostudiow.com.br\/site\/2024\/05\/10\/nota-fiscal-de-produtor-eletronica-tera-uso-obrigatorio-apenas-em-2025\/","title":{"rendered":"Nota Fiscal de Produtor Eletr\u00f4nica ter\u00e1 uso obrigat\u00f3rio apenas em 2025"},"content":{"rendered":"\n<p><strong>Nota Fiscal de Produtor Eletr\u00f4nica ter\u00e1 uso obrigat\u00f3rio apenas em 2025<\/strong><\/p>\n\n\n\n<p>Em nova decis\u00e3o publicada nesta ter\u00e7a-feira, 07 de maio, o Conselho Nacional de Pol\u00edtica Fazend\u00e1ria \u2014 Confaz adiou para 2 de janeiro de 2025 o uso obrigat\u00f3rio da Nota Fiscal de Produtor Eletr\u00f4nica (NFP-e) em todo o Pa\u00eds.<\/p>\n\n\n\n<figure class=\"wp-block-image size-full\"><img loading=\"lazy\" decoding=\"async\" width=\"897\" height=\"204\" src=\"https:\/\/radiostudiow.com.br\/site\/wp-content\/uploads\/2024\/04\/image-50.png\" alt=\"\" class=\"wp-image-21368\" srcset=\"https:\/\/radiostudiow.com.br\/site\/wp-content\/uploads\/2024\/04\/image-50.png 897w, https:\/\/radiostudiow.com.br\/site\/wp-content\/uploads\/2024\/04\/image-50-300x68.png 300w, https:\/\/radiostudiow.com.br\/site\/wp-content\/uploads\/2024\/04\/image-50-768x175.png 768w\" sizes=\"auto, (max-width: 897px) 100vw, 897px\" \/><\/figure>\n\n\n\n<p>Al\u00e9m de prorrogar o in\u00edcio da obrigatoriedade, que antes estava prevista para o pr\u00f3ximo dia 1\u00ba de dezembro, o ajuste tamb\u00e9m estendeu a medida a todos os agricultores e pecuaristas que ainda fazem uso da nota fiscal em papel, independentemente do faturamento \u2014 desde o \u00faltimo dia 1\u00ba de maio, a nota eletr\u00f4nica era exigida dos produtores prim\u00e1rios que faturaram acima de R$ 1 milh\u00e3o em 2022.<\/p>\n\n\n\n<p>Na pr\u00e1tica, todos os produtores prim\u00e1rios catarinenses que ainda comercializam seus produtos com a nota f\u00edsica ter\u00e3o mais tempo para se adaptar e migrar para a vers\u00e3o eletr\u00f4nica.<\/p>\n\n\n\n<figure class=\"wp-block-image size-full\"><img decoding=\"async\" src=\"https:\/\/radiostudiow.com.br\/site\/wp-content\/uploads\/2024\/04\/image-55.png\" alt=\"\" class=\"wp-image-21389\"\/><\/figure>\n\n\n\n<p>Com base na defini\u00e7\u00e3o do \u00f3rg\u00e3o federal, o Governo de Santa Catarina editar\u00e1 um novo decreto internalizando a decis\u00e3o. Como a publica\u00e7\u00e3o ter\u00e1 efeito retroativo, n\u00e3o haver\u00e1 penaliza\u00e7\u00e3o aos produtores catarinenses que fizerem uso da nota de papel at\u00e9 a publica\u00e7\u00e3o da nova regra.<\/p>\n","protected":false},"excerpt":{"rendered":"<p>Nota Fiscal de Produtor Eletr\u00f4nica ter\u00e1 uso obrigat\u00f3rio apenas em 2025 Em nova decis\u00e3o publicada nesta ter\u00e7a-feira, 07 de maio, o Conselho Nacional de Pol\u00edtica Fazend\u00e1ria \u2014 Confaz adiou para 2 de janeiro de 2025 o uso obrigat\u00f3rio da Nota Fiscal de Produtor Eletr\u00f4nica (NFP-e) em todo o Pa\u00eds. Al\u00e9m de prorrogar o in\u00edcio da [&hellip;]<\/p>\n","protected":false},"author":2,"featured_media":22484,"comment_status":"open","ping_status":"open","sticky":false,"template":"","format":"standard","meta":{"footnotes":""},"categories":[7],"tags":[172],"class_list":["post-22482","post","type-post","status-publish","format-standard","has-post-thumbnail","hentry","category-geral","tag-featured"],"amp_enabled":true,"_links":{"self":[{"href":"https:\/\/radiostudiow.com.br\/site\/wp-json\/wp\/v2\/posts\/22482","targetHints":{"allow":["GET"]}}],"collection":[{"href":"https:\/\/radiostudiow.com.br\/site\/wp-json\/wp\/v2\/posts"}],"about":[{"href":"https:\/\/radiostudiow.com.br\/site\/wp-json\/wp\/v2\/types\/post"}],"author":[{"embeddable":true,"href":"https:\/\/radiostudiow.com.br\/site\/wp-json\/wp\/v2\/users\/2"}],"replies":[{"embeddable":true,"href":"https:\/\/radiostudiow.com.br\/site\/wp-json\/wp\/v2\/comments?post=22482"}],"version-history":[{"count":2,"href":"https:\/\/radiostudiow.com.br\/site\/wp-json\/wp\/v2\/posts\/22482\/revisions"}],"predecessor-version":[{"id":22485,"href":"https:\/\/radiostudiow.com.br\/site\/wp-json\/wp\/v2\/posts\/22482\/revisions\/22485"}],"wp:featuredmedia":[{"embeddable":true,"href":"https:\/\/radiostudiow.com.br\/site\/wp-json\/wp\/v2\/media\/22484"}],"wp:attachment":[{"href":"https:\/\/radiostudiow.com.br\/site\/wp-json\/wp\/v2\/media?parent=22482"}],"wp:term":[{"taxonomy":"category","embeddable":true,"href":"https:\/\/radiostudiow.com.br\/site\/wp-json\/wp\/v2\/categories?post=22482"},{"taxonomy":"post_tag","embeddable":true,"href":"https:\/\/radiostudiow.com.br\/site\/wp-json\/wp\/v2\/tags?post=22482"}],"curies":[{"name":"wp","href":"https:\/\/api.w.org\/{rel}","templated":true}]}}