{"id":22530,"date":"2024-05-11T08:46:23","date_gmt":"2024-05-11T11:46:23","guid":{"rendered":"https:\/\/radiostudiow.com.br\/site\/?p=22530"},"modified":"2025-01-31T14:59:21","modified_gmt":"2025-01-31T17:59:21","slug":"prefeitos-de-dez-municipios-do-sul-e-centro-sul-do-parana-se-reunem-para-tratar-sobre-os-royalties-da-petrobras","status":"publish","type":"post","link":"https:\/\/radiostudiow.com.br\/site\/2024\/05\/11\/prefeitos-de-dez-municipios-do-sul-e-centro-sul-do-parana-se-reunem-para-tratar-sobre-os-royalties-da-petrobras\/","title":{"rendered":"Prefeitos de dez munic\u00edpios do Sul e Centro-Sul do Paran\u00e1 se re\u00fanem para tratar sobre os royalties da Petrobras"},"content":{"rendered":"\n<p>Prefeitos de dez munic\u00edpios do Sul e Centro-Sul do estado, juntamente com deputados estaduais Hussein Bakri e Alexandre Curi, se reuniram na \u00faltima quarta-feira (8), em Curitiba, para tratar sobre os recursos milion\u00e1rios de um acordo com a Petrobras, pela explora\u00e7\u00e3o do xisto no Paran\u00e1.<\/p>\n\n\n\n<figure class=\"wp-block-image size-full\"><img loading=\"lazy\" decoding=\"async\" width=\"897\" height=\"204\" src=\"https:\/\/radiostudiow.com.br\/site\/wp-content\/uploads\/2024\/04\/image-51.png\" alt=\"\" class=\"wp-image-21370\" srcset=\"https:\/\/radiostudiow.com.br\/site\/wp-content\/uploads\/2024\/04\/image-51.png 897w, https:\/\/radiostudiow.com.br\/site\/wp-content\/uploads\/2024\/04\/image-51-300x68.png 300w, https:\/\/radiostudiow.com.br\/site\/wp-content\/uploads\/2024\/04\/image-51-768x175.png 768w\" sizes=\"auto, (max-width: 897px) 100vw, 897px\" \/><\/figure>\n\n\n\n<p>Na manh\u00e3 de quarta-feira (8) em Curitiba, o Chefe da Casa Civil, Jo\u00e3o Carlos Ortega, anunciou que o Governo do Estado far\u00e1 as adequa\u00e7\u00f5es necess\u00e1rias na legisla\u00e7\u00e3o para que o dinheiro possa ser aplicado na \u00e1rea de infraestrutura, conforme as demandas que ser\u00e3o apontadas pelas prefeituras.<\/p>\n\n\n\n<p>De acordo com o deputado e l\u00edder do governo do estado do Paran\u00e1 Hussein Bakri comentou que a nossa regi\u00e3o teve um papel muito relevante na hist\u00f3ria do Paran\u00e1, com a ferrovia, a madeira, a erva-mate. E esse investimento significativo ser\u00e1 uma forma de retribui\u00e7\u00e3o do Governador Ratinho Junior, o qual segundo Bakri ele poderia aplicar esse dinheiro por todo o Estado, mas ouviu os anseios da popula\u00e7\u00e3o e principalmente em rela\u00e7\u00e3o \u00e0 infraestrutura regional e, consequentemente, \u00e0 expans\u00e3o e atra\u00e7\u00e3o de neg\u00f3cios, e \u00e0 gera\u00e7\u00e3o de emprego e renda.<\/p>\n\n\n\n<p>Ser\u00e1 um salto gigantesco para todos esses munic\u00edpios, que se traduzir\u00e1 em desenvolvimento social e econ\u00f4mico, afirmou Bakri.<\/p>\n\n\n\n<figure class=\"wp-block-image size-full\"><img decoding=\"async\" src=\"https:\/\/radiostudiow.com.br\/site\/wp-content\/uploads\/2024\/04\/image-45.png\" alt=\"\" class=\"wp-image-21394\"\/><\/figure>\n\n\n\n<p>O acordo com a Petrobras \u00e9 fruto de uma diverg\u00eancia que se arrastava h\u00e1 anos a respeito da compensa\u00e7\u00e3o financeira paga pela empresa ao munic\u00edpio de S\u00e3o Mateus do Sul e ao Estado do Paran\u00e1 pela explora\u00e7\u00e3o do xisto.<\/p>\n\n\n\n<p>O valor atualizado de mais de R$ 600 milh\u00f5es come\u00e7ou a ser pago em dezembro de 2022 e ser\u00e1 parcelado em 60 vezes. As parcelas mensais giram em torno de R$ 8 milh\u00f5es e totalizaram at\u00e9 agora cerca de R$ 125 milh\u00f5es.<\/p>\n\n\n\n<p>H\u00e1 mais de um ano, no entanto, buscava-se a melhor maneira de vencer os entraves burocr\u00e1ticos para que esses recursos pudessem ser direcionados a projetos de infraestrutura, ampliando as possibilidades para al\u00e9m das quest\u00f5es ambientais previstas em lei.<\/p>\n\n\n\n<figure class=\"wp-block-image size-full\"><img decoding=\"async\" src=\"https:\/\/radiostudiow.com.br\/site\/wp-content\/uploads\/2024\/04\/image-55.png\" alt=\"\" class=\"wp-image-21389\"\/><\/figure>\n\n\n\n<p>\u00c9 importante mencionar que as conversas iniciais com o Governo do Estado sobre os royalties iniciaram no ano de 2005.<\/p>\n\n\n\n<p>Participaram da reuni\u00e3o os prefeitos Toninho Szaykowski (Cruz Machado), Fernanda Sardanha (S\u00e3o Mateus do Sul), Bachir Abbas (Uni\u00e3o da Vit\u00f3ria), Abimael do Valle (S\u00e3o Jo\u00e3o do Triunfo), Joel Ferreira (General Carneiro), Diego Ribas (Lapa), Leandro Jasinski (Rio Azul), Moacir Szinvelski (Mallet), Jorge Derbli (Irati) e Xiru (Paula Freitas).<\/p>\n\n\n\n<p>Com informa\u00e7\u00f5es da Assessoria<\/p>\n","protected":false},"excerpt":{"rendered":"<p>Prefeitos de dez munic\u00edpios do Sul e Centro-Sul do estado, juntamente com deputados estaduais Hussein Bakri e Alexandre Curi, se reuniram na \u00faltima quarta-feira (8), em Curitiba, para tratar sobre os recursos milion\u00e1rios de um acordo com a Petrobras, pela explora\u00e7\u00e3o do xisto no Paran\u00e1. Na manh\u00e3 de quarta-feira (8) em Curitiba, o Chefe da [&hellip;]<\/p>\n","protected":false},"author":2,"featured_media":22531,"comment_status":"open","ping_status":"open","sticky":false,"template":"","format":"standard","meta":{"footnotes":""},"categories":[7],"tags":[172],"class_list":["post-22530","post","type-post","status-publish","format-standard","has-post-thumbnail","hentry","category-geral","tag-featured"],"amp_enabled":true,"_links":{"self":[{"href":"https:\/\/radiostudiow.com.br\/site\/wp-json\/wp\/v2\/posts\/22530","targetHints":{"allow":["GET"]}}],"collection":[{"href":"https:\/\/radiostudiow.com.br\/site\/wp-json\/wp\/v2\/posts"}],"about":[{"href":"https:\/\/radiostudiow.com.br\/site\/wp-json\/wp\/v2\/types\/post"}],"author":[{"embeddable":true,"href":"https:\/\/radiostudiow.com.br\/site\/wp-json\/wp\/v2\/users\/2"}],"replies":[{"embeddable":true,"href":"https:\/\/radiostudiow.com.br\/site\/wp-json\/wp\/v2\/comments?post=22530"}],"version-history":[{"count":1,"href":"https:\/\/radiostudiow.com.br\/site\/wp-json\/wp\/v2\/posts\/22530\/revisions"}],"predecessor-version":[{"id":22532,"href":"https:\/\/radiostudiow.com.br\/site\/wp-json\/wp\/v2\/posts\/22530\/revisions\/22532"}],"wp:featuredmedia":[{"embeddable":true,"href":"https:\/\/radiostudiow.com.br\/site\/wp-json\/wp\/v2\/media\/22531"}],"wp:attachment":[{"href":"https:\/\/radiostudiow.com.br\/site\/wp-json\/wp\/v2\/media?parent=22530"}],"wp:term":[{"taxonomy":"category","embeddable":true,"href":"https:\/\/radiostudiow.com.br\/site\/wp-json\/wp\/v2\/categories?post=22530"},{"taxonomy":"post_tag","embeddable":true,"href":"https:\/\/radiostudiow.com.br\/site\/wp-json\/wp\/v2\/tags?post=22530"}],"curies":[{"name":"wp","href":"https:\/\/api.w.org\/{rel}","templated":true}]}}