{"id":2256,"date":"2021-06-02T17:18:00","date_gmt":"2021-06-02T20:18:00","guid":{"rendered":"https:\/\/radiostudiow.com.br\/site\/?p=2256"},"modified":"2025-01-15T11:45:59","modified_gmt":"2025-01-15T14:45:59","slug":"pm-realiza-cumprimento-de-mandado-de-prisao-em-sao-mateus-do-sul","status":"publish","type":"post","link":"https:\/\/radiostudiow.com.br\/site\/2021\/06\/02\/pm-realiza-cumprimento-de-mandado-de-prisao-em-sao-mateus-do-sul\/","title":{"rendered":"PM REALIZA CUMPRIMENTO DE MANDADO DE PRIS\u00c3O EM S\u00c3O MATEUS DO SUL"},"content":{"rendered":"\n<p>A Pol\u00edcia Militar de S\u00e3o Mateus do Sul realizou na tarde de ter\u00e7a-feira, 01 de maio, o cumprimento de mandato de pris\u00e3o na Rua Evaldo Gaensly, Vila Amaral.<\/p>\n\n\n\n<p>Durante patrulhamento a equipe encontrou um homem contra o qual j\u00e1 havia um mandado de pris\u00e3o em aberto ativo pelo art. 306 do C\u00f3digo de Tr\u00e2nsito Brasileiro, referente a infra\u00e7\u00e3o de dirigir com a capacidade psicomotora alterada em raz\u00e3o da ingest\u00e3o de bebida alco\u00f3lica ou de outra subst\u00e2ncia psicoativa que determine depend\u00eancia.<\/p>\n\n\n\n<p>O homem foi abordado e levado at\u00e9 a delegacia para provid\u00eancias cab\u00edveis.<\/p>\n\n\n\n<figure class=\"wp-block-image size-large\"><img decoding=\"async\" src=\"https:\/\/radiostudiow.com.br\/site\/wp-content\/uploads\/2021\/04\/SEPAC.jpg\" alt=\"\" class=\"wp-image-1367\"\/><\/figure>\n","protected":false},"excerpt":{"rendered":"<p>A Pol\u00edcia Militar de S\u00e3o Mateus do Sul realizou na tarde de ter\u00e7a-feira, 01 de maio, o cumprimento de mandato de pris\u00e3o na Rua Evaldo Gaensly, Vila Amaral. Durante patrulhamento a equipe encontrou um homem contra o qual j\u00e1 havia um mandado de pris\u00e3o em aberto ativo pelo art. 306 do C\u00f3digo de Tr\u00e2nsito Brasileiro, [&hellip;]<\/p>\n","protected":false},"author":2,"featured_media":1569,"comment_status":"open","ping_status":"open","sticky":false,"template":"","format":"standard","meta":{"footnotes":""},"categories":[2],"tags":[172],"class_list":["post-2256","post","type-post","status-publish","format-standard","has-post-thumbnail","hentry","category-policial","tag-featured"],"amp_enabled":true,"_links":{"self":[{"href":"https:\/\/radiostudiow.com.br\/site\/wp-json\/wp\/v2\/posts\/2256","targetHints":{"allow":["GET"]}}],"collection":[{"href":"https:\/\/radiostudiow.com.br\/site\/wp-json\/wp\/v2\/posts"}],"about":[{"href":"https:\/\/radiostudiow.com.br\/site\/wp-json\/wp\/v2\/types\/post"}],"author":[{"embeddable":true,"href":"https:\/\/radiostudiow.com.br\/site\/wp-json\/wp\/v2\/users\/2"}],"replies":[{"embeddable":true,"href":"https:\/\/radiostudiow.com.br\/site\/wp-json\/wp\/v2\/comments?post=2256"}],"version-history":[{"count":1,"href":"https:\/\/radiostudiow.com.br\/site\/wp-json\/wp\/v2\/posts\/2256\/revisions"}],"predecessor-version":[{"id":2257,"href":"https:\/\/radiostudiow.com.br\/site\/wp-json\/wp\/v2\/posts\/2256\/revisions\/2257"}],"wp:featuredmedia":[{"embeddable":true,"href":"https:\/\/radiostudiow.com.br\/site\/wp-json\/wp\/v2\/media\/1569"}],"wp:attachment":[{"href":"https:\/\/radiostudiow.com.br\/site\/wp-json\/wp\/v2\/media?parent=2256"}],"wp:term":[{"taxonomy":"category","embeddable":true,"href":"https:\/\/radiostudiow.com.br\/site\/wp-json\/wp\/v2\/categories?post=2256"},{"taxonomy":"post_tag","embeddable":true,"href":"https:\/\/radiostudiow.com.br\/site\/wp-json\/wp\/v2\/tags?post=2256"}],"curies":[{"name":"wp","href":"https:\/\/api.w.org\/{rel}","templated":true}]}}