{"id":22564,"date":"2024-05-13T18:21:49","date_gmt":"2024-05-13T21:21:49","guid":{"rendered":"https:\/\/radiostudiow.com.br\/site\/?p=22564"},"modified":"2025-01-31T14:59:21","modified_gmt":"2025-01-31T17:59:21","slug":"pneus-soltos-na-pista-provocam-acidente-na-br-153-em-general-carneiro","status":"publish","type":"post","link":"https:\/\/radiostudiow.com.br\/site\/2024\/05\/13\/pneus-soltos-na-pista-provocam-acidente-na-br-153-em-general-carneiro\/","title":{"rendered":"Pneus soltos na pista provocam acidente na BR-153 em General Carneiro"},"content":{"rendered":"\n<p>O Corpo de Bombeiros da cidade de General Carneiro foi mobilizado por volta das 05:40 horas deste domingo, 12 de maio, para atender um acidente na rodovia BR-153.<\/p>\n\n\n\n<figure class=\"wp-block-image size-full\"><img decoding=\"async\" src=\"https:\/\/radiostudiow.com.br\/site\/wp-content\/uploads\/2024\/04\/image-11.png\" alt=\"\" class=\"wp-image-21624\"\/><\/figure>\n\n\n\n<p>Conforme informa\u00e7\u00f5es, o acidente aconteceu na altura do quil\u00f4metro 487, pr\u00f3ximo a Ervateira Giotti e envolveu uma carreta Volvo\/FH 400 de cor branca com placas de Chapec\u00f3\/SC.<\/p>\n\n\n\n<p>Na situa\u00e7\u00e3o, o motorista se deparou com dois pneus soltos no meio da pista e ao tentar desviar perdeu o controle e parcialmente saiu da pista. O acidente deixou a pista obstru\u00edda. O motorista saiu ileso.<a href=\"https:\/\/canal4.tv.br\/wp-content\/uploads\/2024\/01\/guincho-24-hr-e1713546992791.png\"><\/a><a href=\"javascript:void(0);\"><\/a><\/p>\n\n\n\n<figure class=\"wp-block-image size-large\"><img loading=\"lazy\" decoding=\"async\" width=\"1024\" height=\"768\" src=\"https:\/\/radiostudiow.com.br\/site\/wp-content\/uploads\/2024\/05\/WhatsApp-Image-2024-05-12-at-07.04.41-1024x768.jpeg\" alt=\"\" class=\"wp-image-22597\" srcset=\"https:\/\/radiostudiow.com.br\/site\/wp-content\/uploads\/2024\/05\/WhatsApp-Image-2024-05-12-at-07.04.41-1024x768.jpeg 1024w, https:\/\/radiostudiow.com.br\/site\/wp-content\/uploads\/2024\/05\/WhatsApp-Image-2024-05-12-at-07.04.41-300x225.jpeg 300w, https:\/\/radiostudiow.com.br\/site\/wp-content\/uploads\/2024\/05\/WhatsApp-Image-2024-05-12-at-07.04.41-768x576.jpeg 768w, https:\/\/radiostudiow.com.br\/site\/wp-content\/uploads\/2024\/05\/WhatsApp-Image-2024-05-12-at-07.04.41-1536x1152.jpeg 1536w, https:\/\/radiostudiow.com.br\/site\/wp-content\/uploads\/2024\/05\/WhatsApp-Image-2024-05-12-at-07.04.41.jpeg 1600w\" sizes=\"auto, (max-width: 1024px) 100vw, 1024px\" \/><\/figure>\n","protected":false},"excerpt":{"rendered":"<p>O Corpo de Bombeiros da cidade de General Carneiro foi mobilizado por volta das 05:40 horas deste domingo, 12 de maio, para atender um acidente na rodovia BR-153. Conforme informa\u00e7\u00f5es, o acidente aconteceu na altura do quil\u00f4metro 487, pr\u00f3ximo a Ervateira Giotti e envolveu uma carreta Volvo\/FH 400 de cor branca com placas de Chapec\u00f3\/SC. [&hellip;]<\/p>\n","protected":false},"author":2,"featured_media":22596,"comment_status":"open","ping_status":"open","sticky":false,"template":"","format":"standard","meta":{"footnotes":""},"categories":[185],"tags":[172],"class_list":["post-22564","post","type-post","status-publish","format-standard","has-post-thumbnail","hentry","category-regional","tag-featured"],"amp_enabled":true,"_links":{"self":[{"href":"https:\/\/radiostudiow.com.br\/site\/wp-json\/wp\/v2\/posts\/22564","targetHints":{"allow":["GET"]}}],"collection":[{"href":"https:\/\/radiostudiow.com.br\/site\/wp-json\/wp\/v2\/posts"}],"about":[{"href":"https:\/\/radiostudiow.com.br\/site\/wp-json\/wp\/v2\/types\/post"}],"author":[{"embeddable":true,"href":"https:\/\/radiostudiow.com.br\/site\/wp-json\/wp\/v2\/users\/2"}],"replies":[{"embeddable":true,"href":"https:\/\/radiostudiow.com.br\/site\/wp-json\/wp\/v2\/comments?post=22564"}],"version-history":[{"count":3,"href":"https:\/\/radiostudiow.com.br\/site\/wp-json\/wp\/v2\/posts\/22564\/revisions"}],"predecessor-version":[{"id":22598,"href":"https:\/\/radiostudiow.com.br\/site\/wp-json\/wp\/v2\/posts\/22564\/revisions\/22598"}],"wp:featuredmedia":[{"embeddable":true,"href":"https:\/\/radiostudiow.com.br\/site\/wp-json\/wp\/v2\/media\/22596"}],"wp:attachment":[{"href":"https:\/\/radiostudiow.com.br\/site\/wp-json\/wp\/v2\/media?parent=22564"}],"wp:term":[{"taxonomy":"category","embeddable":true,"href":"https:\/\/radiostudiow.com.br\/site\/wp-json\/wp\/v2\/categories?post=22564"},{"taxonomy":"post_tag","embeddable":true,"href":"https:\/\/radiostudiow.com.br\/site\/wp-json\/wp\/v2\/tags?post=22564"}],"curies":[{"name":"wp","href":"https:\/\/api.w.org\/{rel}","templated":true}]}}