{"id":22568,"date":"2024-05-13T11:27:39","date_gmt":"2024-05-13T14:27:39","guid":{"rendered":"https:\/\/radiostudiow.com.br\/site\/?p=22568"},"modified":"2025-01-31T14:59:21","modified_gmt":"2025-01-31T17:59:21","slug":"jovem-de-20-anos-desaparece-apos-afogamento-no-rio-iguacu-em-uniao-da-vitoria","status":"publish","type":"post","link":"https:\/\/radiostudiow.com.br\/site\/2024\/05\/13\/jovem-de-20-anos-desaparece-apos-afogamento-no-rio-iguacu-em-uniao-da-vitoria\/","title":{"rendered":"Jovem de 20 anos desaparece ap\u00f3s afogamento no Rio Igua\u00e7u em Uni\u00e3o da Vit\u00f3ria"},"content":{"rendered":"\n<p>Um jovem de 20 anos identificado como Alessandro de Lima Mendes, desapareceu nas \u00e1guas do Rio Igua\u00e7u, na localidade do clube Ava\u00ed, pr\u00f3ximo \u00e0 faculdade UGV, em Uni\u00e3o da Vit\u00f3ria por volta das 17:50 horas deste s\u00e1bado (11).<\/p>\n\n\n\n<figure class=\"wp-block-image size-full\"><img loading=\"lazy\" decoding=\"async\" width=\"897\" height=\"204\" src=\"https:\/\/radiostudiow.com.br\/site\/wp-content\/uploads\/2024\/04\/image-18.png\" alt=\"\" class=\"wp-image-21207\" srcset=\"https:\/\/radiostudiow.com.br\/site\/wp-content\/uploads\/2024\/04\/image-18.png 897w, https:\/\/radiostudiow.com.br\/site\/wp-content\/uploads\/2024\/04\/image-18-300x68.png 300w, https:\/\/radiostudiow.com.br\/site\/wp-content\/uploads\/2024\/04\/image-18-768x175.png 768w\" sizes=\"auto, (max-width: 897px) 100vw, 897px\" \/><\/figure>\n\n\n\n<p>A situa\u00e7\u00e3o foi relatada ap\u00f3s um chamado de emerg\u00eancia para o n\u00famero 193, informando que dois amigos estavam nadando no rio quando um deles subitamente afundou e n\u00e3o voltou \u00e0 superf\u00edcie.<\/p>\n\n\n\n<p>As autoridades, em uma a\u00e7\u00e3o r\u00e1pida, mobilizaram-se para o local, onde iniciaram as buscas imediatamente.\u00a0Utilizando equipamentos de resgate e uma embarca\u00e7\u00e3o, as equipes vasculharam a \u00e1rea, por\u00e9m sem sucesso em localizar o jovem desaparecido.<\/p>\n\n\n\n<figure class=\"wp-block-image size-full\"><img loading=\"lazy\" decoding=\"async\" width=\"598\" height=\"204\" src=\"https:\/\/radiostudiow.com.br\/site\/wp-content\/uploads\/2024\/04\/image-23.png\" alt=\"\" class=\"wp-image-21221\" srcset=\"https:\/\/radiostudiow.com.br\/site\/wp-content\/uploads\/2024\/04\/image-23.png 598w, https:\/\/radiostudiow.com.br\/site\/wp-content\/uploads\/2024\/04\/image-23-300x102.png 300w\" sizes=\"auto, (max-width: 598px) 100vw, 598px\" \/><\/figure>\n\n\n\n<p>Al\u00e9m das opera\u00e7\u00f5es de busca, os familiares do jovem foram contatados. At\u00e9 o momento o corpo do jovem ainda n\u00e3o foi localizado.<\/p>\n","protected":false},"excerpt":{"rendered":"<p>Um jovem de 20 anos identificado como Alessandro de Lima Mendes, desapareceu nas \u00e1guas do Rio Igua\u00e7u, na localidade do clube Ava\u00ed, pr\u00f3ximo \u00e0 faculdade UGV, em Uni\u00e3o da Vit\u00f3ria por volta das 17:50 horas deste s\u00e1bado (11). A situa\u00e7\u00e3o foi relatada ap\u00f3s um chamado de emerg\u00eancia para o n\u00famero 193, informando que dois amigos [&hellip;]<\/p>\n","protected":false},"author":2,"featured_media":22579,"comment_status":"open","ping_status":"open","sticky":false,"template":"","format":"standard","meta":{"footnotes":""},"categories":[185],"tags":[172],"class_list":["post-22568","post","type-post","status-publish","format-standard","has-post-thumbnail","hentry","category-regional","tag-featured"],"amp_enabled":true,"_links":{"self":[{"href":"https:\/\/radiostudiow.com.br\/site\/wp-json\/wp\/v2\/posts\/22568","targetHints":{"allow":["GET"]}}],"collection":[{"href":"https:\/\/radiostudiow.com.br\/site\/wp-json\/wp\/v2\/posts"}],"about":[{"href":"https:\/\/radiostudiow.com.br\/site\/wp-json\/wp\/v2\/types\/post"}],"author":[{"embeddable":true,"href":"https:\/\/radiostudiow.com.br\/site\/wp-json\/wp\/v2\/users\/2"}],"replies":[{"embeddable":true,"href":"https:\/\/radiostudiow.com.br\/site\/wp-json\/wp\/v2\/comments?post=22568"}],"version-history":[{"count":2,"href":"https:\/\/radiostudiow.com.br\/site\/wp-json\/wp\/v2\/posts\/22568\/revisions"}],"predecessor-version":[{"id":22580,"href":"https:\/\/radiostudiow.com.br\/site\/wp-json\/wp\/v2\/posts\/22568\/revisions\/22580"}],"wp:featuredmedia":[{"embeddable":true,"href":"https:\/\/radiostudiow.com.br\/site\/wp-json\/wp\/v2\/media\/22579"}],"wp:attachment":[{"href":"https:\/\/radiostudiow.com.br\/site\/wp-json\/wp\/v2\/media?parent=22568"}],"wp:term":[{"taxonomy":"category","embeddable":true,"href":"https:\/\/radiostudiow.com.br\/site\/wp-json\/wp\/v2\/categories?post=22568"},{"taxonomy":"post_tag","embeddable":true,"href":"https:\/\/radiostudiow.com.br\/site\/wp-json\/wp\/v2\/tags?post=22568"}],"curies":[{"name":"wp","href":"https:\/\/api.w.org\/{rel}","templated":true}]}}